{"id":34895,"date":"2023-06-02T12:57:11","date_gmt":"2023-06-02T10:57:11","guid":{"rendered":"https:\/\/ssv-wesel.com\/?p=34895"},"modified":"2023-06-02T12:57:18","modified_gmt":"2023-06-02T10:57:18","slug":"hanse-citylauf-2023-re-start-lets-run","status":"publish","type":"post","link":"https:\/\/ssv-wesel.com\/index.php\/2023\/06\/02\/hanse-citylauf-2023-re-start-lets-run\/","title":{"rendered":"Hanse Citylauf 2023 \u2013 Re-Start: Let\u00b4s run!"},"content":{"rendered":"\n<p><strong>Pressemitteilung vom 1. Juni 2023<\/strong><\/p>\n\n\n\n<p><strong>Hanse Citylauf 2023 \u2013 Re-Start: Let\u00b4s run!<\/strong><\/p>\n\n\n\n<p><strong>Beliebter Laufevent wird am 23. und 24. September mit neuem Konzept und neuer Streckenf\u00fchrung f\u00fcr ein einmaliges Lauferlebnis durch die Kreisstadt sorgen \u2013 Mehr als 3.000 Teilnehmer:innen sind das Ziel\u2013 Erstmals eigene Viertelmarathon-Strecke \u2013 GLOBUS-Verpflegungsdorf f\u00fcr alle Sportler:innen \u2013 Gro\u00dfer Weseler Gesundheitstag mit zahlreichen Ausstellern am Samstag<\/strong><\/p>\n\n\n\n<p><strong>-Laufevent findet erstmals an einem Sonntag statt \u2013 Neue attraktive Streckenf\u00fchrung verbindet Innenstadt, Weseler Sehensw\u00fcrdigkeiten, Fu\u00dfg\u00e4ngerzone und erstmals auch die Rheinaue \u2013 Zieleinlauf am Willibrordi-Dom und Historischen Rathaus<\/strong><\/p>\n\n\n\n<p><strong>-Neuer \u201eViertelmarathon Wesel 10.5 pr\u00e4sentiert von der Volksbank Rhein-Lippe eG\u201c soll L\u00e4uferinnen und L\u00e4ufer aus dem gesamten Kreis anlocken<\/strong><\/p>\n\n\n\n<p><strong>-Laufnachwuchs im Fokus: \u00dcber 1.000 Sch\u00fclerinnen und Sch\u00fcler werden erwartet \u2013<br>500,- Euro Pr\u00e4mie f\u00fcr teilnehmerst\u00e4rkste Schule<\/strong><\/p>\n\n\n\n<p><strong>-Hochwertiges GLOBUS-Verpflegungsdorf \u2013 umfangreiches Leistungspaket f\u00fcr alle<\/strong><\/p>\n\n\n\n<p><strong>-Weseler Firmen laufen um die Staffel-Stadtmeisterschaft und die schnellsten Weseler Mitarbeiter:innen<\/strong><\/p>\n\n\n\n<p><strong>-Startnummernausgabe ab Samstag, 23. September auf dem Kornmarkt<\/strong><\/p>\n\n\n\n<p><strong>-Startgelder zwischen 5,- Euro und 22,- Euro<\/strong><\/p>\n\n\n\n<p><strong>-Rahmenprogramm f\u00fcr Gro\u00df und Klein<\/strong><\/p>\n\n\n\n<p><strong>-\u00d6kumenischer Gottesdienst am Sonntag<\/strong><\/p>\n\n\n\n<p><strong>-Starke Partner erm\u00f6glichen Re-Start des Hanse Citylauf<br><br>Wesel.<\/strong>&nbsp;Der Hanse City Lauf 2023 feiert nach der Corona-Pause mit einem neuen attraktiven Konzept einen gro\u00dfen Re-Start. Erstmals finden die Laufwettbewerbe an einem Sonntag statt. Durch die geringere Verkehrsbelastung als an einem Samstag kann eine attraktivere Streckenf\u00fchrung f\u00fcr die L\u00e4uferinnen und L\u00e4ufer angeboten werden.<\/p>\n\n\n\n<p>Alle Wettbewerbe starten mitten in der City am Gro\u00dfen Markt, der auch als Zieleinlauf vor der beeindruckenden Kulisse des Willibrordi-Doms und des Historischen Rathauses dient. Eine 2,5km lange Schleife f\u00fchrt die Teilnehmerinnen und Teilnehmer zuerst unter dem Rathaus entlang, vorbei an der Martini-Kirche, \u00fcber die Korbmacherstra\u00dfe vorbei am Lutherhaus in die Einkaufsstra\u00dfe bis hin zum Berliner Tor, welches einmal umlaufen wird, entlang der Esplanade und des Wasserturms, \u00fcber die Kreuzstra\u00dfe wieder zur\u00fcck in die Einkaufsstra\u00dfe, mit Ziel auf dem Gro\u00dfen Markt. Wem der \u201eCityrun Wesel 2.5 pr\u00e4sentiert von Stadtwerke Wesel AG\u201c nicht lang genug ist, kann die abwechslungsreiche Runde ein zweites Mal absolvieren und sich somit in die Ergebnislisten des \u201eCityrun Wesel 5.0 pr\u00e4sentiert von GLOBUS\u201c eintragen.<\/p>\n\n\n\n<p><strong>Neuer \u201eViertelmarathon Wesel 10.5\u201c soll L\u00e4uferinnen und L\u00e4ufer aus dem gesamten Kreis anlocken<br><\/strong>Premiere feiert der Hanse Citylauf mit dem \u201eViertelmarathon Wesel 10.5 pr\u00e4sentiert von der Volksbank Rhein-Lippe eG\u201c. Nach der Bew\u00e4ltigung der 2,5km Schleife durch die Innenstadt machen sich die Teilnehmerinnen und Teilnehmer auf ihrem weiteren Weg auf zum Wasser und ins Gr\u00fcne. Zuerst geht es rund um den Willibrordi-Dom, weiter \u00fcber die gesperrte B8 am Hansaring \u00fcber die Fischertorstra\u00dfe Richtung Rheinpromenade, am Flugplatz vorbei auf den Deich, mit wundersch\u00f6nem Blick auf den Rhein zur linken und den Auesee zur rechten Seite. Ein Wendepunkt inklusive Zeitmessmatte auf dem Deich bei Kilometer sieben l\u00e4utet die letzten 3,5 Kilometer ein. Vorbei am Yachthafen, dem neuen Kombibad und dem Welcome Hotel geht es zur\u00fcck in die Innenstadt mit Blick auf die Himmelfahrtkirche und dem Zieleinlauf am Gro\u00dfen Markt, auf dem sich die Partner mit verschiedenen Aktionen und Modulen pr\u00e4sentieren werden. Nach dem Zieleinlauf geht es f\u00fcr alle Sportlerinnen und Sportler durch die K\u00f6ppeltorstra\u00dfe zum Kornmarkt, wo das GLOBUS-Verpflegungsdorf auf alle Finisher wartet.<\/p>\n\n\n\n<p>\u201eEin gro\u00dfes Dankesch\u00f6n gilt unserer B\u00fcrgermeisterin Ulrike Westkamp und Sportdezernent Rainer Benien, die die neue Konzeption von Beginn an mitgetragen haben, als auch dem Ordnungsamt und der Polizei, die die Strecke genehmigt und dazu beitragen haben, dass der Hanse Citylauf erstmals in dieser Form durchgef\u00fchrt werden kann\u201c, sagt Jochen Arntz, 2. Vorsitzender des Stadtsportverbandes Wesel, der den \u201eHCL\u201c von Beginn an ma\u00dfgeblich mitorganisiert. \u201eDas Gemeinschaftserlebnis soll beim Hanse Citylauf 2023 im Vordergrund stehen. Die Menschen sollen zusammen Spa\u00df haben und unsere Stadt laufend von ihrer sch\u00f6nsten Seite erleben\u201c, freut sich Ulrike Westkamp auf den Re-Start im Herbst.<\/p>\n\n\n\n<p>Den Hanse Citylauf an einem Sonntag zu veranstalten erm\u00f6glicht es, zahlreiche Sehensw\u00fcrdigkeiten der Innenstadt in die Strecke einzubinden, ohne den Verkehr und die Anwohner zu sehr zu belasten. \u201eBeim Viertelmarathon Wesel 10.5 pr\u00e4sentiert von der Volksbank Rhein-Lippe k\u00f6nnen wir die City mit dem Naherholungsgebiet Rheinaue verbinden und so den Sportlerinnen und Sportlern aus nah und fern Wesels Vielfalt auf laufende Weise pr\u00e4sentieren\u201c, erkl\u00e4rt Kai Meesters von KM Sport &amp; Consulting, der dem veranstaltenden Stadtsportverband Wesel wie schon bei der \u201eSportNacht Wesel\u201c zur Seite steht und die neue Konzeption erarbeitet hat. Der neue Viertelmarathon soll mittelfristig neben den Schulwettbewerben ein weiteres Aush\u00e4ngeschild des Hanse Citylaufs werden. \u201eZiel ist es, den Event in den kommenden Jahren mit allen Beteiligten kontinuierlich weiterzuentwickeln. Der Hanse Citylauf hat kurzfristig sicherlich Potential f\u00fcr mehr als 3.000 Starter\u201c, ist sich Meesters sicher.<\/p>\n\n\n\n<p><strong>Laufnachwuchs im Fokus: \u201eLeistung soll Spa\u00df machen!\u201c \u2013 Zahlreiche Wettbewerbe laden alle Jahrg\u00e4nge zum gemeinsamen Laufspa\u00df ein<br><\/strong>Alleine durch Corona sind bundesweit 600.000 Kinder in den letzten 2 Jahren aus Sportvereinen ausgetreten. Viele Kinder haben sich w\u00e4hrend dieser Zeit noch weniger bewegt als zuvor. \u201eEs ist wichtig, junge Menschen in allen Bereichen zu unterst\u00fctzen. Gerade in aktuellen Zeiten. Der Sport spielt eine gro\u00dfe Rolle f\u00fcr das Selbstbewusstsein und das soziale Miteinander. Hier schl\u00e4gt der Hanse Citylauf mit den Sch\u00fclerwettbewerben eine tolle Br\u00fccke\u201c, erkl\u00e4rt Wolfgang Hansen, Gesch\u00e4ftsf\u00fchrer des Stadtsportverbandes. \u201eLeistung soll Spa\u00df machen, besonders im Team. Das scheint auch das Motto der aktuellen Sch\u00fclergeneration zu sein, denn in den letzten Jahren konnten wir weit \u00fcber 1.000 Sch\u00fclerinnen und Sch\u00fcler auf der Strecke z\u00e4hlen. Das m\u00f6chten wir zum Re-Start gerne toppen. Wir hoffen auf ein gro\u00dfes Engagement aus der Weseler Lehrerschaft, die sich f\u00fcr die Organisation und Betreuung einbringt\u201c, so Hansen weiter. \u201eDaf\u00fcr schon jetzt ein herzliches Dankesch\u00f6n!\u201c Bereits die ganz Kleinen im Alter bis 6 Jahre starten beim \u201eBambini-Hufenlauf Wesel 0.1 und 0.5 pr\u00e4sentiert von der Niederrheinischen Sparkasse RheinLippe\u201c, um erstmals das Wettkampffeeling des Hanse Citylaufs miterleben zu k\u00f6nnen. Der \u201eCityrun 1.0 pr\u00e4sentiert von Westenergie AG\u201c ist f\u00fcr die Klassen 1-5 ge\u00f6ffnet. Zudem k\u00f6nnen die Schulen f\u00fcr die Wettbewerbe \u00fcber 2,5km (6.-9. Klasse) und 5km (10.-13. Klasse) melden. Bei der offenen \u201eWeseler Schulstaffel-Stadtmeisterschaft 20.0\u201c kommen automatisch die vier schnellsten f\u00fcr eine Schule gemeldete Sch\u00fclerinnen und Sch\u00fcler \u00fcber den Cityrun Wesel 5.0 in die Wertung, wovon mindestens ein M\u00e4dchen gewertet wird. Auch Schulen au\u00dferhalb von Wesel sind herzlich eingeladen, am Hanse Citylauf teilzunehmen.<\/p>\n\n\n\n<p><strong>Weseler Firmen sind aufgerufen, um die Staffel-Stadtmeisterschaft und die\/den schnellsten Weseler Mitarbeiter:in zu laufen<br><\/strong>Weseler Unternehmen und ihre Mitarbeiter:innen werden in einer separaten Wertung um den Einzelsieg beim \u201eFirmenlauf Wesel 5.0\u201c mitlaufen. Bei der \u201eWeseler Firmenstaffel-Stadtmeisterschaft 20.0\u201c starten vier Besch\u00e4ftigten \u00fcber die Strecke von 5km. Darunter muss sich mindestens eine L\u00e4uferin befinden. \u201eWir haben eine gro\u00dfe diverse Unternehmenslandschaft in Wesel mit tausenden motivierten Besch\u00e4ftigten. Der Hanse Citylauf bietet Firmen eine tolle Plattform, unsere wundersch\u00f6ne Stadt gemeinsam l\u00e4uferisch zu erkunden und ein au\u00dfergew\u00f6hnliches Team-Erlebnis zu erfahren\u201c, sagt Kai Meesters. Und sicherlich laden auch die umliegenden Gastst\u00e4tten zu einem geselligen Beisammensein nach dem Lauf ein.<\/p>\n\n\n\n<p><strong>Beliebter Gesundheitstag lockt am Samstag mit tollen Angeboten auf dem Kornmarkt<br><\/strong>Wie in den Vorjahren wird es im Rahmen des Hanse Citylaufs wieder den beliebten Gesundheitstag geben. Ab 10.00 Uhr bieten am Samstag zahlreiche Unternehmen ihre Produkte und Dienstleistungen rund um das Thema Sport und Gesundheit in einem \u00fcber 200m\u00b2 gro\u00dfen Zelt auf dem Kornmarkt an. Hierzu z\u00e4hlen unter anderem kostenlose Vorsorgeuntersuchungen wie Ultraschall der Halsgef\u00e4\u00dfe, Venen-, Fu\u00dfdruck- und Blutzuckermessungen, eine K\u00f6rperanalyse, Handkraftmessung, Pr\u00e4ventionsberatung und vieles mehr. Au\u00dferdem locken tolle Mitmachaktionen und spannende Gewinnspiele. \u201eSport und Gesundheit geh\u00f6ren zwangsl\u00e4ufig zusammen. Daher freuen wir uns sehr, dass wir zum Re-Start des Hanse Citylaufs viele Partner zum Gesundheitstag begr\u00fc\u00dfen d\u00fcrfen, die all die Jahre den Hanse Citylauf mit zum Erfolg gef\u00fchrt haben. Daf\u00fcr gilt allen Beteiligten ein gro\u00dfes Dankesch\u00f6n\u201c, sagt Jochen Arntz.<\/p>\n\n\n\n<p><strong>Umfangreiches Leistungspaket f\u00fcr alle Teilnehmerinnen und Teilnehmer<br><\/strong>Zur Weiterentwicklung geh\u00f6rt neben einer attraktiven Strecke auch ein qualitativ hochwertiges Leistungspaket f\u00fcr alle Teilnehmerinnen und Teilnehmer. Neben Startnummer und elektronischer Zeitmessung z\u00e4hlen ein abwechslungsreiches Rahmenprogramm mit Moderation und Musik entlang der Strecke und im Start-\/Zielbereich, ein Starterbeutel mit Informationsmaterialien der gleichzeitig f\u00fcr die angebotene Garderobe genutzt werden kann, Urkundenausgabe nach dem Zieleinlauf, Duschen, WC und Umkleiden, die M\u00f6glichkeit einer Ziel-Massage, Siegerehrungen mit Pokalen f\u00fcr die Erstplatzierten und die Nachzielverpflegung im GLOBUS-Verpflegungsdorf zum Leistungspaket. Wesels neuer GLOBUS-Markt wird f\u00fcr alle Teilnehmerinnen und Teilnehmer eine umfangreiche und hochqualitative Zielverpflegung im Zelt am Kornmarkt bereitstellen. Dazu geh\u00f6ren unter anderem isotonische Getr\u00e4nke, Bananen, M\u00fcsliriegel, eine Trinkflasche und vieles mehr, was das L\u00e4uferherz begehrt.<\/p>\n\n\n\n<p><strong>Anmeldegeb\u00fchren zwischen 5,- Euro und 22,- Euro<br><\/strong>Die Anmeldegeb\u00fchren f\u00fcr die Teilnahme inklusive des umfangreichen Leistungspaketes belaufen sich von 5,- Euro f\u00fcr die Bambinil\u00e4ufe bis zu 22,- Euro f\u00fcr den Start \u00fcber die Viertelmarathon-Distanz. Firmen zahlen f\u00fcr die Teilnahme am Staffelwettbewerb 60,- Euro f\u00fcr alle vier Starter:innen. Die Geb\u00fchr f\u00fcr den Leihchip betr\u00e4gt 3,- Euro. Die Geb\u00fchr kann f\u00fcr den Weseler Sport gespendet werden. Die Startnummernausgabe findet bereits am Samstag ab 10.00 Uhr auf dem Kornmarkt parallel zum Gesundheitstag statt sowie auch Sonntagfr\u00fch. Die Anmeldung f\u00fcr alle Wettbewerbe ist ab sofort unter&nbsp;<a href=\"http:\/\/www.hanse-citylauf.de\/\">www.hanse-citylauf.de<\/a>&nbsp;m\u00f6glich. Schulen k\u00f6nnen sich zudem auch direkt an den Stadtsportverband unter&nbsp;<a href=\"mailto:info@stadtsportverband-wesel.de\">info@stadtsportverband-wesel.de<\/a>&nbsp;wenden.<\/p>\n\n\n\n<p><strong>\u00d6kumenischer Gottesdienst am Sonntag<br><\/strong>Am Sonntag l\u00e4dt vor dem ersten Startschuss ein \u00f6kumenischer Gottesdienst alle L\u00e4ufer und Zuschauer zu einem gemeinsamen Gebet ein. \u201eWir freuen uns, dass wir mit dem \u00f6kumenischen Gottesdienst ein l\u00e4uferisches Zeichen f\u00fcr eine friedliche Gemeinschaft und ein friedliches Miteinander setzen k\u00f6nnen\u201c, so Kai Meesters.<\/p>\n\n\n\n<p><strong>Starke Partner erm\u00f6glichen Re-Start des Hanse Citylauf 2023<\/strong><br>Zu den Partner und F\u00f6rderern des Hanse Citylaufs 2023 z\u00e4hlen unter anderem die<br>Volksbank Rhein-Lippe eG, Stadtwerke Wesel AG, Westenergie AG, GLOBUS, Nispa, Expert Wesel, Autohaus Bulenda als offizieller Mobilit\u00e4tspartner, Marienhospital Wesel, Barmer, Kieser Training, Gesundheitszentrum am Auesee, Fielmann, Clever fit, H\u00f6rgerate Horst, Gesundheitszentrum Lang und die Verkehrswacht Kreis Wesel. \u201eDer Restart des Hanse Citylaufs kann nur durch die Unterst\u00fctzung zahlreicher Wirtschaftspartner stattfinden. Ihnen allen gilt unser ausdr\u00fccklicher Dank!\u201c, erkl\u00e4rt Jochen Arntz.<\/p>\n\n\n\n<p><strong>Pressekontakt:<br><\/strong>KM Sport &amp; Consulting<br>Kai Meesters<br>eMail:&nbsp;<a href=\"mailto:kaimeesters@gmail.com\">kaimeesters@gmail.com<\/a><br>Tel.: 0151-23432255<\/p>\n","protected":false},"excerpt":{"rendered":"<p>Pressemitteilung vom 1. Juni 2023 Hanse Citylauf 2023 \u2013 Re-Start: Let\u00b4s run! Beliebter Laufevent wird am 23. und 24. September mit neuem Konzept und neuer Streckenf\u00fchrung f\u00fcr ein einmaliges Lauferlebnis durch die Kreisstadt sorgen \u2013 Mehr als 3.000 Teilnehmer:innen sind das Ziel\u2013 Erstmals eigene Viertelmarathon-Strecke \u2013 GLOBUS-Verpflegungsdorf f\u00fcr alle Sportler:innen \u2013 Gro\u00dfer Weseler Gesundheitstag mit [&hellip;]<\/p>\n","protected":false},"author":1,"featured_media":34896,"comment_status":"closed","ping_status":"closed","sticky":false,"template":"","format":"standard","meta":{"site-sidebar-layout":"default","site-content-layout":"","ast-site-content-layout":"default","site-content-style":"default","site-sidebar-style":"default","ast-global-header-display":"","ast-banner-title-visibility":"","ast-main-header-display":"","ast-hfb-above-header-display":"","ast-hfb-below-header-display":"","ast-hfb-mobile-header-display":"","site-post-title":"","ast-breadcrumbs-content":"","ast-featured-img":"","footer-sml-layout":"","ast-disable-related-posts":"","theme-transparent-header-meta":"","adv-header-id-meta":"","stick-header-meta":"","header-above-stick-meta":"","header-main-stick-meta":"","header-below-stick-meta":"","astra-migrate-meta-layouts":"default","ast-page-background-enabled":"default","ast-page-background-meta":{"desktop":{"background-color":"var(--ast-global-color-4)","background-image":"","background-repeat":"repeat","background-position":"center center","background-size":"auto","background-attachment":"scroll","background-type":"","background-media":"","overlay-type":"","overlay-color":"","overlay-opacity":"","overlay-gradient":""},"tablet":{"background-color":"","background-image":"","background-repeat":"repeat","background-position":"center center","background-size":"auto","background-attachment":"scroll","background-type":"","background-media":"","overlay-type":"","overlay-color":"","overlay-opacity":"","overlay-gradient":""},"mobile":{"background-color":"","background-image":"","background-repeat":"repeat","background-position":"center center","background-size":"auto","background-attachment":"scroll","background-type":"","background-media":"","overlay-type":"","overlay-color":"","overlay-opacity":"","overlay-gradient":""}},"ast-content-background-meta":{"desktop":{"background-color":"var(--ast-global-color-5)","background-image":"","background-repeat":"repeat","background-position":"center center","background-size":"auto","background-attachment":"scroll","background-type":"","background-media":"","overlay-type":"","overlay-color":"","overlay-opacity":"","overlay-gradient":""},"tablet":{"background-color":"var(--ast-global-color-5)","background-image":"","background-repeat":"repeat","background-position":"center center","background-size":"auto","background-attachment":"scroll","background-type":"","background-media":"","overlay-type":"","overlay-color":"","overlay-opacity":"","overlay-gradient":""},"mobile":{"background-color":"var(--ast-global-color-5)","background-image":"","background-repeat":"repeat","background-position":"center center","background-size":"auto","background-attachment":"scroll","background-type":"","background-media":"","overlay-type":"","overlay-color":"","overlay-opacity":"","overlay-gradient":""}},"_jetpack_memberships_contains_paid_content":false,"footnotes":""},"categories":[232,18],"tags":[],"class_list":["post-34895","post","type-post","status-publish","format-standard","has-post-thumbnail","hentry","category-hcl","category-news"],"yoast_head":"<!-- This site is optimized with the Yoast SEO plugin v27.5 - https:\/\/yoast.com\/product\/yoast-seo-wordpress\/ -->\n<title>Hanse Citylauf 2023 \u2013 Re-Start: Let\u00b4s run! - Stadtsportverband<\/title>\n<meta name=\"robots\" content=\"index, follow, max-snippet:-1, max-image-preview:large, max-video-preview:-1\" \/>\n<link rel=\"canonical\" href=\"https:\/\/ssv-wesel.com\/index.php\/2023\/06\/02\/hanse-citylauf-2023-re-start-lets-run\/\" \/>\n<meta property=\"og:locale\" content=\"de_DE\" \/>\n<meta property=\"og:type\" content=\"article\" \/>\n<meta property=\"og:title\" content=\"Hanse Citylauf 2023 \u2013 Re-Start: Let\u00b4s run! - Stadtsportverband\" \/>\n<meta property=\"og:description\" content=\"Pressemitteilung vom 1. Juni 2023 Hanse Citylauf 2023 \u2013 Re-Start: Let\u00b4s run! Beliebter Laufevent wird am 23. und 24. September mit neuem Konzept und neuer Streckenf\u00fchrung f\u00fcr ein einmaliges Lauferlebnis durch die Kreisstadt sorgen \u2013 Mehr als 3.000 Teilnehmer:innen sind das Ziel\u2013 Erstmals eigene Viertelmarathon-Strecke \u2013 GLOBUS-Verpflegungsdorf f\u00fcr alle Sportler:innen \u2013 Gro\u00dfer Weseler Gesundheitstag mit [&hellip;]\" \/>\n<meta property=\"og:url\" content=\"https:\/\/ssv-wesel.com\/index.php\/2023\/06\/02\/hanse-citylauf-2023-re-start-lets-run\/\" \/>\n<meta property=\"og:site_name\" content=\"Stadtsportverband\" \/>\n<meta property=\"article:publisher\" content=\"https:\/\/www.facebook.com\/profile.php?id=100071110337033\" \/>\n<meta property=\"article:published_time\" content=\"2023-06-02T10:57:11+00:00\" \/>\n<meta property=\"article:modified_time\" content=\"2023-06-02T10:57:18+00:00\" \/>\n<meta property=\"og:image\" content=\"https:\/\/i0.wp.com\/ssv-wesel.com\/wp-content\/uploads\/2023\/06\/PlakatTitel.jpg?fit=700%2C700&ssl=1\" \/>\n\t<meta property=\"og:image:width\" content=\"700\" \/>\n\t<meta property=\"og:image:height\" content=\"700\" \/>\n\t<meta property=\"og:image:type\" content=\"image\/jpeg\" \/>\n<meta name=\"author\" content=\"admin\" \/>\n<meta name=\"twitter:card\" content=\"summary_large_image\" \/>\n<meta name=\"twitter:label1\" content=\"Verfasst von\" \/>\n\t<meta name=\"twitter:data1\" content=\"admin\" \/>\n\t<meta name=\"twitter:label2\" content=\"Gesch\u00e4tzte Lesezeit\" \/>\n\t<meta name=\"twitter:data2\" content=\"9\u00a0Minuten\" \/>\n<script type=\"application\/ld+json\" class=\"yoast-schema-graph\">{\"@context\":\"https:\\\/\\\/schema.org\",\"@graph\":[{\"@type\":\"Article\",\"@id\":\"https:\\\/\\\/ssv-wesel.com\\\/index.php\\\/2023\\\/06\\\/02\\\/hanse-citylauf-2023-re-start-lets-run\\\/#article\",\"isPartOf\":{\"@id\":\"https:\\\/\\\/ssv-wesel.com\\\/index.php\\\/2023\\\/06\\\/02\\\/hanse-citylauf-2023-re-start-lets-run\\\/\"},\"author\":{\"name\":\"admin\",\"@id\":\"https:\\\/\\\/ssv-wesel.com\\\/#\\\/schema\\\/person\\\/f2e5858a810a10be47b339cf7abf13a7\"},\"headline\":\"Hanse Citylauf 2023 \u2013 Re-Start: Let\u00b4s run!\",\"datePublished\":\"2023-06-02T10:57:11+00:00\",\"dateModified\":\"2023-06-02T10:57:18+00:00\",\"mainEntityOfPage\":{\"@id\":\"https:\\\/\\\/ssv-wesel.com\\\/index.php\\\/2023\\\/06\\\/02\\\/hanse-citylauf-2023-re-start-lets-run\\\/\"},\"wordCount\":1734,\"publisher\":{\"@id\":\"https:\\\/\\\/ssv-wesel.com\\\/#organization\"},\"image\":{\"@id\":\"https:\\\/\\\/ssv-wesel.com\\\/index.php\\\/2023\\\/06\\\/02\\\/hanse-citylauf-2023-re-start-lets-run\\\/#primaryimage\"},\"thumbnailUrl\":\"https:\\\/\\\/i0.wp.com\\\/ssv-wesel.com\\\/wp-content\\\/uploads\\\/2023\\\/06\\\/PlakatTitel.jpg?fit=700%2C700&ssl=1\",\"articleSection\":[\"Hanse Citylauf\",\"News\"],\"inLanguage\":\"de\"},{\"@type\":\"WebPage\",\"@id\":\"https:\\\/\\\/ssv-wesel.com\\\/index.php\\\/2023\\\/06\\\/02\\\/hanse-citylauf-2023-re-start-lets-run\\\/\",\"url\":\"https:\\\/\\\/ssv-wesel.com\\\/index.php\\\/2023\\\/06\\\/02\\\/hanse-citylauf-2023-re-start-lets-run\\\/\",\"name\":\"Hanse Citylauf 2023 \u2013 Re-Start: Let\u00b4s run! - Stadtsportverband\",\"isPartOf\":{\"@id\":\"https:\\\/\\\/ssv-wesel.com\\\/#website\"},\"primaryImageOfPage\":{\"@id\":\"https:\\\/\\\/ssv-wesel.com\\\/index.php\\\/2023\\\/06\\\/02\\\/hanse-citylauf-2023-re-start-lets-run\\\/#primaryimage\"},\"image\":{\"@id\":\"https:\\\/\\\/ssv-wesel.com\\\/index.php\\\/2023\\\/06\\\/02\\\/hanse-citylauf-2023-re-start-lets-run\\\/#primaryimage\"},\"thumbnailUrl\":\"https:\\\/\\\/i0.wp.com\\\/ssv-wesel.com\\\/wp-content\\\/uploads\\\/2023\\\/06\\\/PlakatTitel.jpg?fit=700%2C700&ssl=1\",\"datePublished\":\"2023-06-02T10:57:11+00:00\",\"dateModified\":\"2023-06-02T10:57:18+00:00\",\"breadcrumb\":{\"@id\":\"https:\\\/\\\/ssv-wesel.com\\\/index.php\\\/2023\\\/06\\\/02\\\/hanse-citylauf-2023-re-start-lets-run\\\/#breadcrumb\"},\"inLanguage\":\"de\",\"potentialAction\":[{\"@type\":\"ReadAction\",\"target\":[\"https:\\\/\\\/ssv-wesel.com\\\/index.php\\\/2023\\\/06\\\/02\\\/hanse-citylauf-2023-re-start-lets-run\\\/\"]}]},{\"@type\":\"ImageObject\",\"inLanguage\":\"de\",\"@id\":\"https:\\\/\\\/ssv-wesel.com\\\/index.php\\\/2023\\\/06\\\/02\\\/hanse-citylauf-2023-re-start-lets-run\\\/#primaryimage\",\"url\":\"https:\\\/\\\/i0.wp.com\\\/ssv-wesel.com\\\/wp-content\\\/uploads\\\/2023\\\/06\\\/PlakatTitel.jpg?fit=700%2C700&ssl=1\",\"contentUrl\":\"https:\\\/\\\/i0.wp.com\\\/ssv-wesel.com\\\/wp-content\\\/uploads\\\/2023\\\/06\\\/PlakatTitel.jpg?fit=700%2C700&ssl=1\",\"width\":700,\"height\":700},{\"@type\":\"BreadcrumbList\",\"@id\":\"https:\\\/\\\/ssv-wesel.com\\\/index.php\\\/2023\\\/06\\\/02\\\/hanse-citylauf-2023-re-start-lets-run\\\/#breadcrumb\",\"itemListElement\":[{\"@type\":\"ListItem\",\"position\":1,\"name\":\"Startseite\",\"item\":\"https:\\\/\\\/ssv-wesel.com\\\/\"},{\"@type\":\"ListItem\",\"position\":2,\"name\":\"Hanse Citylauf 2023 \u2013 Re-Start: Let\u00b4s run!\"}]},{\"@type\":\"WebSite\",\"@id\":\"https:\\\/\\\/ssv-wesel.com\\\/#website\",\"url\":\"https:\\\/\\\/ssv-wesel.com\\\/\",\"name\":\"Stadtsportverband\",\"description\":\"Wesel e. V.\",\"publisher\":{\"@id\":\"https:\\\/\\\/ssv-wesel.com\\\/#organization\"},\"potentialAction\":[{\"@type\":\"SearchAction\",\"target\":{\"@type\":\"EntryPoint\",\"urlTemplate\":\"https:\\\/\\\/ssv-wesel.com\\\/?s={search_term_string}\"},\"query-input\":{\"@type\":\"PropertyValueSpecification\",\"valueRequired\":true,\"valueName\":\"search_term_string\"}}],\"inLanguage\":\"de\"},{\"@type\":\"Organization\",\"@id\":\"https:\\\/\\\/ssv-wesel.com\\\/#organization\",\"name\":\"Stadtsportverband\",\"url\":\"https:\\\/\\\/ssv-wesel.com\\\/\",\"logo\":{\"@type\":\"ImageObject\",\"inLanguage\":\"de\",\"@id\":\"https:\\\/\\\/ssv-wesel.com\\\/#\\\/schema\\\/logo\\\/image\\\/\",\"url\":\"https:\\\/\\\/i0.wp.com\\\/ssv-wesel.com\\\/wp-content\\\/uploads\\\/2019\\\/11\\\/SSVLogo2020.webp?fit=520%2C179&ssl=1\",\"contentUrl\":\"https:\\\/\\\/i0.wp.com\\\/ssv-wesel.com\\\/wp-content\\\/uploads\\\/2019\\\/11\\\/SSVLogo2020.webp?fit=520%2C179&ssl=1\",\"width\":520,\"height\":179,\"caption\":\"Stadtsportverband\"},\"image\":{\"@id\":\"https:\\\/\\\/ssv-wesel.com\\\/#\\\/schema\\\/logo\\\/image\\\/\"},\"sameAs\":[\"https:\\\/\\\/www.facebook.com\\\/profile.php?id=100071110337033\"]},{\"@type\":\"Person\",\"@id\":\"https:\\\/\\\/ssv-wesel.com\\\/#\\\/schema\\\/person\\\/f2e5858a810a10be47b339cf7abf13a7\",\"name\":\"admin\",\"image\":{\"@type\":\"ImageObject\",\"inLanguage\":\"de\",\"@id\":\"https:\\\/\\\/secure.gravatar.com\\\/avatar\\\/3b8428ec1d30ff395d6ceab9a8867be4b9267c520096b8d4280587f2c01246d4?s=96&d=mm&r=g\",\"url\":\"https:\\\/\\\/secure.gravatar.com\\\/avatar\\\/3b8428ec1d30ff395d6ceab9a8867be4b9267c520096b8d4280587f2c01246d4?s=96&d=mm&r=g\",\"contentUrl\":\"https:\\\/\\\/secure.gravatar.com\\\/avatar\\\/3b8428ec1d30ff395d6ceab9a8867be4b9267c520096b8d4280587f2c01246d4?s=96&d=mm&r=g\",\"caption\":\"admin\"},\"sameAs\":[\"http:\\\/\\\/www.pk-medien.info\"],\"url\":\"https:\\\/\\\/ssv-wesel.com\\\/index.php\\\/author\\\/ich_p9ji776d\\\/\"}]}<\/script>\n<!-- \/ Yoast SEO plugin. -->","yoast_head_json":{"title":"Hanse Citylauf 2023 \u2013 Re-Start: Let\u00b4s run! - Stadtsportverband","robots":{"index":"index","follow":"follow","max-snippet":"max-snippet:-1","max-image-preview":"max-image-preview:large","max-video-preview":"max-video-preview:-1"},"canonical":"https:\/\/ssv-wesel.com\/index.php\/2023\/06\/02\/hanse-citylauf-2023-re-start-lets-run\/","og_locale":"de_DE","og_type":"article","og_title":"Hanse Citylauf 2023 \u2013 Re-Start: Let\u00b4s run! - Stadtsportverband","og_description":"Pressemitteilung vom 1. Juni 2023 Hanse Citylauf 2023 \u2013 Re-Start: Let\u00b4s run! Beliebter Laufevent wird am 23. und 24. September mit neuem Konzept und neuer Streckenf\u00fchrung f\u00fcr ein einmaliges Lauferlebnis durch die Kreisstadt sorgen \u2013 Mehr als 3.000 Teilnehmer:innen sind das Ziel\u2013 Erstmals eigene Viertelmarathon-Strecke \u2013 GLOBUS-Verpflegungsdorf f\u00fcr alle Sportler:innen \u2013 Gro\u00dfer Weseler Gesundheitstag mit [&hellip;]","og_url":"https:\/\/ssv-wesel.com\/index.php\/2023\/06\/02\/hanse-citylauf-2023-re-start-lets-run\/","og_site_name":"Stadtsportverband","article_publisher":"https:\/\/www.facebook.com\/profile.php?id=100071110337033","article_published_time":"2023-06-02T10:57:11+00:00","article_modified_time":"2023-06-02T10:57:18+00:00","og_image":[{"width":700,"height":700,"url":"https:\/\/i0.wp.com\/ssv-wesel.com\/wp-content\/uploads\/2023\/06\/PlakatTitel.jpg?fit=700%2C700&ssl=1","type":"image\/jpeg"}],"author":"admin","twitter_card":"summary_large_image","twitter_misc":{"Verfasst von":"admin","Gesch\u00e4tzte Lesezeit":"9\u00a0Minuten"},"schema":{"@context":"https:\/\/schema.org","@graph":[{"@type":"Article","@id":"https:\/\/ssv-wesel.com\/index.php\/2023\/06\/02\/hanse-citylauf-2023-re-start-lets-run\/#article","isPartOf":{"@id":"https:\/\/ssv-wesel.com\/index.php\/2023\/06\/02\/hanse-citylauf-2023-re-start-lets-run\/"},"author":{"name":"admin","@id":"https:\/\/ssv-wesel.com\/#\/schema\/person\/f2e5858a810a10be47b339cf7abf13a7"},"headline":"Hanse Citylauf 2023 \u2013 Re-Start: Let\u00b4s run!","datePublished":"2023-06-02T10:57:11+00:00","dateModified":"2023-06-02T10:57:18+00:00","mainEntityOfPage":{"@id":"https:\/\/ssv-wesel.com\/index.php\/2023\/06\/02\/hanse-citylauf-2023-re-start-lets-run\/"},"wordCount":1734,"publisher":{"@id":"https:\/\/ssv-wesel.com\/#organization"},"image":{"@id":"https:\/\/ssv-wesel.com\/index.php\/2023\/06\/02\/hanse-citylauf-2023-re-start-lets-run\/#primaryimage"},"thumbnailUrl":"https:\/\/i0.wp.com\/ssv-wesel.com\/wp-content\/uploads\/2023\/06\/PlakatTitel.jpg?fit=700%2C700&ssl=1","articleSection":["Hanse Citylauf","News"],"inLanguage":"de"},{"@type":"WebPage","@id":"https:\/\/ssv-wesel.com\/index.php\/2023\/06\/02\/hanse-citylauf-2023-re-start-lets-run\/","url":"https:\/\/ssv-wesel.com\/index.php\/2023\/06\/02\/hanse-citylauf-2023-re-start-lets-run\/","name":"Hanse Citylauf 2023 \u2013 Re-Start: Let\u00b4s run! - Stadtsportverband","isPartOf":{"@id":"https:\/\/ssv-wesel.com\/#website"},"primaryImageOfPage":{"@id":"https:\/\/ssv-wesel.com\/index.php\/2023\/06\/02\/hanse-citylauf-2023-re-start-lets-run\/#primaryimage"},"image":{"@id":"https:\/\/ssv-wesel.com\/index.php\/2023\/06\/02\/hanse-citylauf-2023-re-start-lets-run\/#primaryimage"},"thumbnailUrl":"https:\/\/i0.wp.com\/ssv-wesel.com\/wp-content\/uploads\/2023\/06\/PlakatTitel.jpg?fit=700%2C700&ssl=1","datePublished":"2023-06-02T10:57:11+00:00","dateModified":"2023-06-02T10:57:18+00:00","breadcrumb":{"@id":"https:\/\/ssv-wesel.com\/index.php\/2023\/06\/02\/hanse-citylauf-2023-re-start-lets-run\/#breadcrumb"},"inLanguage":"de","potentialAction":[{"@type":"ReadAction","target":["https:\/\/ssv-wesel.com\/index.php\/2023\/06\/02\/hanse-citylauf-2023-re-start-lets-run\/"]}]},{"@type":"ImageObject","inLanguage":"de","@id":"https:\/\/ssv-wesel.com\/index.php\/2023\/06\/02\/hanse-citylauf-2023-re-start-lets-run\/#primaryimage","url":"https:\/\/i0.wp.com\/ssv-wesel.com\/wp-content\/uploads\/2023\/06\/PlakatTitel.jpg?fit=700%2C700&ssl=1","contentUrl":"https:\/\/i0.wp.com\/ssv-wesel.com\/wp-content\/uploads\/2023\/06\/PlakatTitel.jpg?fit=700%2C700&ssl=1","width":700,"height":700},{"@type":"BreadcrumbList","@id":"https:\/\/ssv-wesel.com\/index.php\/2023\/06\/02\/hanse-citylauf-2023-re-start-lets-run\/#breadcrumb","itemListElement":[{"@type":"ListItem","position":1,"name":"Startseite","item":"https:\/\/ssv-wesel.com\/"},{"@type":"ListItem","position":2,"name":"Hanse Citylauf 2023 \u2013 Re-Start: Let\u00b4s run!"}]},{"@type":"WebSite","@id":"https:\/\/ssv-wesel.com\/#website","url":"https:\/\/ssv-wesel.com\/","name":"Stadtsportverband","description":"Wesel e. V.","publisher":{"@id":"https:\/\/ssv-wesel.com\/#organization"},"potentialAction":[{"@type":"SearchAction","target":{"@type":"EntryPoint","urlTemplate":"https:\/\/ssv-wesel.com\/?s={search_term_string}"},"query-input":{"@type":"PropertyValueSpecification","valueRequired":true,"valueName":"search_term_string"}}],"inLanguage":"de"},{"@type":"Organization","@id":"https:\/\/ssv-wesel.com\/#organization","name":"Stadtsportverband","url":"https:\/\/ssv-wesel.com\/","logo":{"@type":"ImageObject","inLanguage":"de","@id":"https:\/\/ssv-wesel.com\/#\/schema\/logo\/image\/","url":"https:\/\/i0.wp.com\/ssv-wesel.com\/wp-content\/uploads\/2019\/11\/SSVLogo2020.webp?fit=520%2C179&ssl=1","contentUrl":"https:\/\/i0.wp.com\/ssv-wesel.com\/wp-content\/uploads\/2019\/11\/SSVLogo2020.webp?fit=520%2C179&ssl=1","width":520,"height":179,"caption":"Stadtsportverband"},"image":{"@id":"https:\/\/ssv-wesel.com\/#\/schema\/logo\/image\/"},"sameAs":["https:\/\/www.facebook.com\/profile.php?id=100071110337033"]},{"@type":"Person","@id":"https:\/\/ssv-wesel.com\/#\/schema\/person\/f2e5858a810a10be47b339cf7abf13a7","name":"admin","image":{"@type":"ImageObject","inLanguage":"de","@id":"https:\/\/secure.gravatar.com\/avatar\/3b8428ec1d30ff395d6ceab9a8867be4b9267c520096b8d4280587f2c01246d4?s=96&d=mm&r=g","url":"https:\/\/secure.gravatar.com\/avatar\/3b8428ec1d30ff395d6ceab9a8867be4b9267c520096b8d4280587f2c01246d4?s=96&d=mm&r=g","contentUrl":"https:\/\/secure.gravatar.com\/avatar\/3b8428ec1d30ff395d6ceab9a8867be4b9267c520096b8d4280587f2c01246d4?s=96&d=mm&r=g","caption":"admin"},"sameAs":["http:\/\/www.pk-medien.info"],"url":"https:\/\/ssv-wesel.com\/index.php\/author\/ich_p9ji776d\/"}]}},"jetpack_featured_media_url":"https:\/\/i0.wp.com\/ssv-wesel.com\/wp-content\/uploads\/2023\/06\/PlakatTitel.jpg?fit=700%2C700&ssl=1","jetpack_sharing_enabled":true,"_links":{"self":[{"href":"https:\/\/ssv-wesel.com\/index.php\/wp-json\/wp\/v2\/posts\/34895","targetHints":{"allow":["GET"]}}],"collection":[{"href":"https:\/\/ssv-wesel.com\/index.php\/wp-json\/wp\/v2\/posts"}],"about":[{"href":"https:\/\/ssv-wesel.com\/index.php\/wp-json\/wp\/v2\/types\/post"}],"author":[{"embeddable":true,"href":"https:\/\/ssv-wesel.com\/index.php\/wp-json\/wp\/v2\/users\/1"}],"replies":[{"embeddable":true,"href":"https:\/\/ssv-wesel.com\/index.php\/wp-json\/wp\/v2\/comments?post=34895"}],"version-history":[{"count":0,"href":"https:\/\/ssv-wesel.com\/index.php\/wp-json\/wp\/v2\/posts\/34895\/revisions"}],"wp:featuredmedia":[{"embeddable":true,"href":"https:\/\/ssv-wesel.com\/index.php\/wp-json\/wp\/v2\/media\/34896"}],"wp:attachment":[{"href":"https:\/\/ssv-wesel.com\/index.php\/wp-json\/wp\/v2\/media?parent=34895"}],"wp:term":[{"taxonomy":"category","embeddable":true,"href":"https:\/\/ssv-wesel.com\/index.php\/wp-json\/wp\/v2\/categories?post=34895"},{"taxonomy":"post_tag","embeddable":true,"href":"https:\/\/ssv-wesel.com\/index.php\/wp-json\/wp\/v2\/tags?post=34895"}],"curies":[{"name":"wp","href":"https:\/\/api.w.org\/{rel}","templated":true}]}}