{"id":35011,"date":"2024-04-15T09:20:08","date_gmt":"2024-04-15T07:20:08","guid":{"rendered":"https:\/\/ssv-wesel.com\/?p=35011"},"modified":"2024-04-15T09:23:29","modified_gmt":"2024-04-15T07:23:29","slug":"ssv-buero-wegen-krankheit","status":"publish","type":"post","link":"https:\/\/ssv-wesel.com\/index.php\/2024\/04\/15\/ssv-buero-wegen-krankheit\/","title":{"rendered":"SSV-B\u00fcro wegen Krankheit zur Zeit geschlossen"},"content":{"rendered":"\n<p>Unser B\u00fcro ist noch die n\u00e4chsten 2 Wochen wegen Krankheit geschlossen, ich bin aber per Mail erreichbar. <\/p>\n\n\n\n<p>Ab 2.5.24 bin ich wieder zu den normalen Gesch\u00e4ftszeiten im B\u00fcro:<\/p>\n\n\n\n<p>Dienstag von 9:00 Uhr bis 11:30 Uhr<\/p>\n\n\n\n<p>Donnerstag von 9:00 Uhr bis 11:30 Uhr<\/p>\n\n\n\n<p><\/p>\n\n\n\n<p>Gru\u00df <\/p>\n\n\n\n<p>Anja Rothkopf<\/p>\n","protected":false},"excerpt":{"rendered":"<p>Unser B\u00fcro ist noch die n\u00e4chsten 2 Wochen wegen Krankheit geschlossen, ich bin aber per Mail erreichbar. Ab 2.5.24 bin ich wieder zu den normalen Gesch\u00e4ftszeiten im B\u00fcro: Dienstag von 9:00 Uhr bis 11:30 Uhr Donnerstag von 9:00 Uhr bis 11:30 Uhr Gru\u00df Anja Rothkopf<\/p>\n","protected":false},"author":1,"featured_media":35015,"comment_status":"closed","ping_status":"closed","sticky":false,"template":"","format":"standard","meta":{"site-sidebar-layout":"default","site-content-layout":"","ast-site-content-layout":"default","site-content-style":"default","site-sidebar-style":"default","ast-global-header-display":"","ast-banner-title-visibility":"","ast-main-header-display":"","ast-hfb-above-header-display":"","ast-hfb-below-header-display":"","ast-hfb-mobile-header-display":"","site-post-title":"","ast-breadcrumbs-content":"","ast-featured-img":"","footer-sml-layout":"","ast-disable-related-posts":"","theme-transparent-header-meta":"","adv-header-id-meta":"","stick-header-meta":"","header-above-stick-meta":"","header-main-stick-meta":"","header-below-stick-meta":"","astra-migrate-meta-layouts":"set","ast-page-background-enabled":"default","ast-page-background-meta":{"desktop":{"background-color":"var(--ast-global-color-4)","background-image":"","background-repeat":"repeat","background-position":"center center","background-size":"auto","background-attachment":"scroll","background-type":"","background-media":"","overlay-type":"","overlay-color":"","overlay-opacity":"","overlay-gradient":""},"tablet":{"background-color":"","background-image":"","background-repeat":"repeat","background-position":"center center","background-size":"auto","background-attachment":"scroll","background-type":"","background-media":"","overlay-type":"","overlay-color":"","overlay-opacity":"","overlay-gradient":""},"mobile":{"background-color":"","background-image":"","background-repeat":"repeat","background-position":"center center","background-size":"auto","background-attachment":"scroll","background-type":"","background-media":"","overlay-type":"","overlay-color":"","overlay-opacity":"","overlay-gradient":""}},"ast-content-background-meta":{"desktop":{"background-color":"var(--ast-global-color-5)","background-image":"","background-repeat":"repeat","background-position":"center center","background-size":"auto","background-attachment":"scroll","background-type":"","background-media":"","overlay-type":"","overlay-color":"","overlay-opacity":"","overlay-gradient":""},"tablet":{"background-color":"var(--ast-global-color-5)","background-image":"","background-repeat":"repeat","background-position":"center center","background-size":"auto","background-attachment":"scroll","background-type":"","background-media":"","overlay-type":"","overlay-color":"","overlay-opacity":"","overlay-gradient":""},"mobile":{"background-color":"var(--ast-global-color-5)","background-image":"","background-repeat":"repeat","background-position":"center center","background-size":"auto","background-attachment":"scroll","background-type":"","background-media":"","overlay-type":"","overlay-color":"","overlay-opacity":"","overlay-gradient":""}},"_jetpack_memberships_contains_paid_content":false,"footnotes":""},"categories":[18],"tags":[],"class_list":["post-35011","post","type-post","status-publish","format-standard","has-post-thumbnail","hentry","category-news"],"yoast_head":"<!-- This site is optimized with the Yoast SEO plugin v27.5 - https:\/\/yoast.com\/product\/yoast-seo-wordpress\/ -->\n<title>SSV-B\u00fcro wegen Krankheit zur Zeit geschlossen - Stadtsportverband<\/title>\n<meta name=\"robots\" content=\"index, follow, max-snippet:-1, max-image-preview:large, max-video-preview:-1\" \/>\n<link rel=\"canonical\" href=\"https:\/\/ssv-wesel.com\/index.php\/2024\/04\/15\/ssv-buero-wegen-krankheit\/\" \/>\n<meta property=\"og:locale\" content=\"de_DE\" \/>\n<meta property=\"og:type\" content=\"article\" \/>\n<meta property=\"og:title\" content=\"SSV-B\u00fcro wegen Krankheit zur Zeit geschlossen - Stadtsportverband\" \/>\n<meta property=\"og:description\" content=\"Unser B\u00fcro ist noch die n\u00e4chsten 2 Wochen wegen Krankheit geschlossen, ich bin aber per Mail erreichbar. Ab 2.5.24 bin ich wieder zu den normalen Gesch\u00e4ftszeiten im B\u00fcro: Dienstag von 9:00 Uhr bis 11:30 Uhr Donnerstag von 9:00 Uhr bis 11:30 Uhr Gru\u00df Anja Rothkopf\" \/>\n<meta property=\"og:url\" content=\"https:\/\/ssv-wesel.com\/index.php\/2024\/04\/15\/ssv-buero-wegen-krankheit\/\" \/>\n<meta property=\"og:site_name\" content=\"Stadtsportverband\" \/>\n<meta property=\"article:publisher\" content=\"https:\/\/www.facebook.com\/profile.php?id=100071110337033\" \/>\n<meta property=\"article:published_time\" content=\"2024-04-15T07:20:08+00:00\" \/>\n<meta property=\"article:modified_time\" content=\"2024-04-15T07:23:29+00:00\" \/>\n<meta property=\"og:image\" content=\"https:\/\/i0.wp.com\/ssv-wesel.com\/wp-content\/uploads\/2024\/04\/stethoscope-3725131_1920.png?fit=1920%2C1280&ssl=1\" \/>\n\t<meta property=\"og:image:width\" content=\"1920\" \/>\n\t<meta property=\"og:image:height\" content=\"1280\" \/>\n\t<meta property=\"og:image:type\" content=\"image\/png\" \/>\n<meta name=\"author\" content=\"admin\" \/>\n<meta name=\"twitter:card\" content=\"summary_large_image\" \/>\n<meta name=\"twitter:label1\" content=\"Verfasst von\" \/>\n\t<meta name=\"twitter:data1\" content=\"admin\" \/>\n<script type=\"application\/ld+json\" class=\"yoast-schema-graph\">{\"@context\":\"https:\\\/\\\/schema.org\",\"@graph\":[{\"@type\":\"Article\",\"@id\":\"https:\\\/\\\/ssv-wesel.com\\\/index.php\\\/2024\\\/04\\\/15\\\/ssv-buero-wegen-krankheit\\\/#article\",\"isPartOf\":{\"@id\":\"https:\\\/\\\/ssv-wesel.com\\\/index.php\\\/2024\\\/04\\\/15\\\/ssv-buero-wegen-krankheit\\\/\"},\"author\":{\"name\":\"admin\",\"@id\":\"https:\\\/\\\/ssv-wesel.com\\\/#\\\/schema\\\/person\\\/f2e5858a810a10be47b339cf7abf13a7\"},\"headline\":\"SSV-B\u00fcro wegen Krankheit zur Zeit geschlossen\",\"datePublished\":\"2024-04-15T07:20:08+00:00\",\"dateModified\":\"2024-04-15T07:23:29+00:00\",\"mainEntityOfPage\":{\"@id\":\"https:\\\/\\\/ssv-wesel.com\\\/index.php\\\/2024\\\/04\\\/15\\\/ssv-buero-wegen-krankheit\\\/\"},\"wordCount\":50,\"publisher\":{\"@id\":\"https:\\\/\\\/ssv-wesel.com\\\/#organization\"},\"image\":{\"@id\":\"https:\\\/\\\/ssv-wesel.com\\\/index.php\\\/2024\\\/04\\\/15\\\/ssv-buero-wegen-krankheit\\\/#primaryimage\"},\"thumbnailUrl\":\"https:\\\/\\\/i0.wp.com\\\/ssv-wesel.com\\\/wp-content\\\/uploads\\\/2024\\\/04\\\/stethoscope-3725131_1920.png?fit=1920%2C1280&ssl=1\",\"articleSection\":[\"News\"],\"inLanguage\":\"de\"},{\"@type\":\"WebPage\",\"@id\":\"https:\\\/\\\/ssv-wesel.com\\\/index.php\\\/2024\\\/04\\\/15\\\/ssv-buero-wegen-krankheit\\\/\",\"url\":\"https:\\\/\\\/ssv-wesel.com\\\/index.php\\\/2024\\\/04\\\/15\\\/ssv-buero-wegen-krankheit\\\/\",\"name\":\"SSV-B\u00fcro wegen Krankheit zur Zeit geschlossen - Stadtsportverband\",\"isPartOf\":{\"@id\":\"https:\\\/\\\/ssv-wesel.com\\\/#website\"},\"primaryImageOfPage\":{\"@id\":\"https:\\\/\\\/ssv-wesel.com\\\/index.php\\\/2024\\\/04\\\/15\\\/ssv-buero-wegen-krankheit\\\/#primaryimage\"},\"image\":{\"@id\":\"https:\\\/\\\/ssv-wesel.com\\\/index.php\\\/2024\\\/04\\\/15\\\/ssv-buero-wegen-krankheit\\\/#primaryimage\"},\"thumbnailUrl\":\"https:\\\/\\\/i0.wp.com\\\/ssv-wesel.com\\\/wp-content\\\/uploads\\\/2024\\\/04\\\/stethoscope-3725131_1920.png?fit=1920%2C1280&ssl=1\",\"datePublished\":\"2024-04-15T07:20:08+00:00\",\"dateModified\":\"2024-04-15T07:23:29+00:00\",\"breadcrumb\":{\"@id\":\"https:\\\/\\\/ssv-wesel.com\\\/index.php\\\/2024\\\/04\\\/15\\\/ssv-buero-wegen-krankheit\\\/#breadcrumb\"},\"inLanguage\":\"de\",\"potentialAction\":[{\"@type\":\"ReadAction\",\"target\":[\"https:\\\/\\\/ssv-wesel.com\\\/index.php\\\/2024\\\/04\\\/15\\\/ssv-buero-wegen-krankheit\\\/\"]}]},{\"@type\":\"ImageObject\",\"inLanguage\":\"de\",\"@id\":\"https:\\\/\\\/ssv-wesel.com\\\/index.php\\\/2024\\\/04\\\/15\\\/ssv-buero-wegen-krankheit\\\/#primaryimage\",\"url\":\"https:\\\/\\\/i0.wp.com\\\/ssv-wesel.com\\\/wp-content\\\/uploads\\\/2024\\\/04\\\/stethoscope-3725131_1920.png?fit=1920%2C1280&ssl=1\",\"contentUrl\":\"https:\\\/\\\/i0.wp.com\\\/ssv-wesel.com\\\/wp-content\\\/uploads\\\/2024\\\/04\\\/stethoscope-3725131_1920.png?fit=1920%2C1280&ssl=1\",\"width\":1920,\"height\":1280,\"caption\":\"\u00a9 Stadtsportverband-Wesel e.V.\"},{\"@type\":\"BreadcrumbList\",\"@id\":\"https:\\\/\\\/ssv-wesel.com\\\/index.php\\\/2024\\\/04\\\/15\\\/ssv-buero-wegen-krankheit\\\/#breadcrumb\",\"itemListElement\":[{\"@type\":\"ListItem\",\"position\":1,\"name\":\"Startseite\",\"item\":\"https:\\\/\\\/ssv-wesel.com\\\/\"},{\"@type\":\"ListItem\",\"position\":2,\"name\":\"SSV-B\u00fcro wegen Krankheit zur Zeit geschlossen\"}]},{\"@type\":\"WebSite\",\"@id\":\"https:\\\/\\\/ssv-wesel.com\\\/#website\",\"url\":\"https:\\\/\\\/ssv-wesel.com\\\/\",\"name\":\"Stadtsportverband\",\"description\":\"Wesel e. V.\",\"publisher\":{\"@id\":\"https:\\\/\\\/ssv-wesel.com\\\/#organization\"},\"potentialAction\":[{\"@type\":\"SearchAction\",\"target\":{\"@type\":\"EntryPoint\",\"urlTemplate\":\"https:\\\/\\\/ssv-wesel.com\\\/?s={search_term_string}\"},\"query-input\":{\"@type\":\"PropertyValueSpecification\",\"valueRequired\":true,\"valueName\":\"search_term_string\"}}],\"inLanguage\":\"de\"},{\"@type\":\"Organization\",\"@id\":\"https:\\\/\\\/ssv-wesel.com\\\/#organization\",\"name\":\"Stadtsportverband\",\"url\":\"https:\\\/\\\/ssv-wesel.com\\\/\",\"logo\":{\"@type\":\"ImageObject\",\"inLanguage\":\"de\",\"@id\":\"https:\\\/\\\/ssv-wesel.com\\\/#\\\/schema\\\/logo\\\/image\\\/\",\"url\":\"https:\\\/\\\/i0.wp.com\\\/ssv-wesel.com\\\/wp-content\\\/uploads\\\/2019\\\/11\\\/SSVLogo2020.webp?fit=520%2C179&ssl=1\",\"contentUrl\":\"https:\\\/\\\/i0.wp.com\\\/ssv-wesel.com\\\/wp-content\\\/uploads\\\/2019\\\/11\\\/SSVLogo2020.webp?fit=520%2C179&ssl=1\",\"width\":520,\"height\":179,\"caption\":\"Stadtsportverband\"},\"image\":{\"@id\":\"https:\\\/\\\/ssv-wesel.com\\\/#\\\/schema\\\/logo\\\/image\\\/\"},\"sameAs\":[\"https:\\\/\\\/www.facebook.com\\\/profile.php?id=100071110337033\"]},{\"@type\":\"Person\",\"@id\":\"https:\\\/\\\/ssv-wesel.com\\\/#\\\/schema\\\/person\\\/f2e5858a810a10be47b339cf7abf13a7\",\"name\":\"admin\",\"image\":{\"@type\":\"ImageObject\",\"inLanguage\":\"de\",\"@id\":\"https:\\\/\\\/secure.gravatar.com\\\/avatar\\\/3b8428ec1d30ff395d6ceab9a8867be4b9267c520096b8d4280587f2c01246d4?s=96&d=mm&r=g\",\"url\":\"https:\\\/\\\/secure.gravatar.com\\\/avatar\\\/3b8428ec1d30ff395d6ceab9a8867be4b9267c520096b8d4280587f2c01246d4?s=96&d=mm&r=g\",\"contentUrl\":\"https:\\\/\\\/secure.gravatar.com\\\/avatar\\\/3b8428ec1d30ff395d6ceab9a8867be4b9267c520096b8d4280587f2c01246d4?s=96&d=mm&r=g\",\"caption\":\"admin\"},\"sameAs\":[\"http:\\\/\\\/www.pk-medien.info\"],\"url\":\"https:\\\/\\\/ssv-wesel.com\\\/index.php\\\/author\\\/ich_p9ji776d\\\/\"}]}<\/script>\n<!-- \/ Yoast SEO plugin. -->","yoast_head_json":{"title":"SSV-B\u00fcro wegen Krankheit zur Zeit geschlossen - Stadtsportverband","robots":{"index":"index","follow":"follow","max-snippet":"max-snippet:-1","max-image-preview":"max-image-preview:large","max-video-preview":"max-video-preview:-1"},"canonical":"https:\/\/ssv-wesel.com\/index.php\/2024\/04\/15\/ssv-buero-wegen-krankheit\/","og_locale":"de_DE","og_type":"article","og_title":"SSV-B\u00fcro wegen Krankheit zur Zeit geschlossen - Stadtsportverband","og_description":"Unser B\u00fcro ist noch die n\u00e4chsten 2 Wochen wegen Krankheit geschlossen, ich bin aber per Mail erreichbar. Ab 2.5.24 bin ich wieder zu den normalen Gesch\u00e4ftszeiten im B\u00fcro: Dienstag von 9:00 Uhr bis 11:30 Uhr Donnerstag von 9:00 Uhr bis 11:30 Uhr Gru\u00df Anja Rothkopf","og_url":"https:\/\/ssv-wesel.com\/index.php\/2024\/04\/15\/ssv-buero-wegen-krankheit\/","og_site_name":"Stadtsportverband","article_publisher":"https:\/\/www.facebook.com\/profile.php?id=100071110337033","article_published_time":"2024-04-15T07:20:08+00:00","article_modified_time":"2024-04-15T07:23:29+00:00","og_image":[{"width":1920,"height":1280,"url":"https:\/\/i0.wp.com\/ssv-wesel.com\/wp-content\/uploads\/2024\/04\/stethoscope-3725131_1920.png?fit=1920%2C1280&ssl=1","type":"image\/png"}],"author":"admin","twitter_card":"summary_large_image","twitter_misc":{"Verfasst von":"admin"},"schema":{"@context":"https:\/\/schema.org","@graph":[{"@type":"Article","@id":"https:\/\/ssv-wesel.com\/index.php\/2024\/04\/15\/ssv-buero-wegen-krankheit\/#article","isPartOf":{"@id":"https:\/\/ssv-wesel.com\/index.php\/2024\/04\/15\/ssv-buero-wegen-krankheit\/"},"author":{"name":"admin","@id":"https:\/\/ssv-wesel.com\/#\/schema\/person\/f2e5858a810a10be47b339cf7abf13a7"},"headline":"SSV-B\u00fcro wegen Krankheit zur Zeit geschlossen","datePublished":"2024-04-15T07:20:08+00:00","dateModified":"2024-04-15T07:23:29+00:00","mainEntityOfPage":{"@id":"https:\/\/ssv-wesel.com\/index.php\/2024\/04\/15\/ssv-buero-wegen-krankheit\/"},"wordCount":50,"publisher":{"@id":"https:\/\/ssv-wesel.com\/#organization"},"image":{"@id":"https:\/\/ssv-wesel.com\/index.php\/2024\/04\/15\/ssv-buero-wegen-krankheit\/#primaryimage"},"thumbnailUrl":"https:\/\/i0.wp.com\/ssv-wesel.com\/wp-content\/uploads\/2024\/04\/stethoscope-3725131_1920.png?fit=1920%2C1280&ssl=1","articleSection":["News"],"inLanguage":"de"},{"@type":"WebPage","@id":"https:\/\/ssv-wesel.com\/index.php\/2024\/04\/15\/ssv-buero-wegen-krankheit\/","url":"https:\/\/ssv-wesel.com\/index.php\/2024\/04\/15\/ssv-buero-wegen-krankheit\/","name":"SSV-B\u00fcro wegen Krankheit zur Zeit geschlossen - Stadtsportverband","isPartOf":{"@id":"https:\/\/ssv-wesel.com\/#website"},"primaryImageOfPage":{"@id":"https:\/\/ssv-wesel.com\/index.php\/2024\/04\/15\/ssv-buero-wegen-krankheit\/#primaryimage"},"image":{"@id":"https:\/\/ssv-wesel.com\/index.php\/2024\/04\/15\/ssv-buero-wegen-krankheit\/#primaryimage"},"thumbnailUrl":"https:\/\/i0.wp.com\/ssv-wesel.com\/wp-content\/uploads\/2024\/04\/stethoscope-3725131_1920.png?fit=1920%2C1280&ssl=1","datePublished":"2024-04-15T07:20:08+00:00","dateModified":"2024-04-15T07:23:29+00:00","breadcrumb":{"@id":"https:\/\/ssv-wesel.com\/index.php\/2024\/04\/15\/ssv-buero-wegen-krankheit\/#breadcrumb"},"inLanguage":"de","potentialAction":[{"@type":"ReadAction","target":["https:\/\/ssv-wesel.com\/index.php\/2024\/04\/15\/ssv-buero-wegen-krankheit\/"]}]},{"@type":"ImageObject","inLanguage":"de","@id":"https:\/\/ssv-wesel.com\/index.php\/2024\/04\/15\/ssv-buero-wegen-krankheit\/#primaryimage","url":"https:\/\/i0.wp.com\/ssv-wesel.com\/wp-content\/uploads\/2024\/04\/stethoscope-3725131_1920.png?fit=1920%2C1280&ssl=1","contentUrl":"https:\/\/i0.wp.com\/ssv-wesel.com\/wp-content\/uploads\/2024\/04\/stethoscope-3725131_1920.png?fit=1920%2C1280&ssl=1","width":1920,"height":1280,"caption":"\u00a9 Stadtsportverband-Wesel e.V."},{"@type":"BreadcrumbList","@id":"https:\/\/ssv-wesel.com\/index.php\/2024\/04\/15\/ssv-buero-wegen-krankheit\/#breadcrumb","itemListElement":[{"@type":"ListItem","position":1,"name":"Startseite","item":"https:\/\/ssv-wesel.com\/"},{"@type":"ListItem","position":2,"name":"SSV-B\u00fcro wegen Krankheit zur Zeit geschlossen"}]},{"@type":"WebSite","@id":"https:\/\/ssv-wesel.com\/#website","url":"https:\/\/ssv-wesel.com\/","name":"Stadtsportverband","description":"Wesel e. V.","publisher":{"@id":"https:\/\/ssv-wesel.com\/#organization"},"potentialAction":[{"@type":"SearchAction","target":{"@type":"EntryPoint","urlTemplate":"https:\/\/ssv-wesel.com\/?s={search_term_string}"},"query-input":{"@type":"PropertyValueSpecification","valueRequired":true,"valueName":"search_term_string"}}],"inLanguage":"de"},{"@type":"Organization","@id":"https:\/\/ssv-wesel.com\/#organization","name":"Stadtsportverband","url":"https:\/\/ssv-wesel.com\/","logo":{"@type":"ImageObject","inLanguage":"de","@id":"https:\/\/ssv-wesel.com\/#\/schema\/logo\/image\/","url":"https:\/\/i0.wp.com\/ssv-wesel.com\/wp-content\/uploads\/2019\/11\/SSVLogo2020.webp?fit=520%2C179&ssl=1","contentUrl":"https:\/\/i0.wp.com\/ssv-wesel.com\/wp-content\/uploads\/2019\/11\/SSVLogo2020.webp?fit=520%2C179&ssl=1","width":520,"height":179,"caption":"Stadtsportverband"},"image":{"@id":"https:\/\/ssv-wesel.com\/#\/schema\/logo\/image\/"},"sameAs":["https:\/\/www.facebook.com\/profile.php?id=100071110337033"]},{"@type":"Person","@id":"https:\/\/ssv-wesel.com\/#\/schema\/person\/f2e5858a810a10be47b339cf7abf13a7","name":"admin","image":{"@type":"ImageObject","inLanguage":"de","@id":"https:\/\/secure.gravatar.com\/avatar\/3b8428ec1d30ff395d6ceab9a8867be4b9267c520096b8d4280587f2c01246d4?s=96&d=mm&r=g","url":"https:\/\/secure.gravatar.com\/avatar\/3b8428ec1d30ff395d6ceab9a8867be4b9267c520096b8d4280587f2c01246d4?s=96&d=mm&r=g","contentUrl":"https:\/\/secure.gravatar.com\/avatar\/3b8428ec1d30ff395d6ceab9a8867be4b9267c520096b8d4280587f2c01246d4?s=96&d=mm&r=g","caption":"admin"},"sameAs":["http:\/\/www.pk-medien.info"],"url":"https:\/\/ssv-wesel.com\/index.php\/author\/ich_p9ji776d\/"}]}},"jetpack_featured_media_url":"https:\/\/i0.wp.com\/ssv-wesel.com\/wp-content\/uploads\/2024\/04\/stethoscope-3725131_1920.png?fit=1920%2C1280&ssl=1","jetpack_sharing_enabled":true,"_links":{"self":[{"href":"https:\/\/ssv-wesel.com\/index.php\/wp-json\/wp\/v2\/posts\/35011","targetHints":{"allow":["GET"]}}],"collection":[{"href":"https:\/\/ssv-wesel.com\/index.php\/wp-json\/wp\/v2\/posts"}],"about":[{"href":"https:\/\/ssv-wesel.com\/index.php\/wp-json\/wp\/v2\/types\/post"}],"author":[{"embeddable":true,"href":"https:\/\/ssv-wesel.com\/index.php\/wp-json\/wp\/v2\/users\/1"}],"replies":[{"embeddable":true,"href":"https:\/\/ssv-wesel.com\/index.php\/wp-json\/wp\/v2\/comments?post=35011"}],"version-history":[{"count":3,"href":"https:\/\/ssv-wesel.com\/index.php\/wp-json\/wp\/v2\/posts\/35011\/revisions"}],"predecessor-version":[{"id":35014,"href":"https:\/\/ssv-wesel.com\/index.php\/wp-json\/wp\/v2\/posts\/35011\/revisions\/35014"}],"wp:featuredmedia":[{"embeddable":true,"href":"https:\/\/ssv-wesel.com\/index.php\/wp-json\/wp\/v2\/media\/35015"}],"wp:attachment":[{"href":"https:\/\/ssv-wesel.com\/index.php\/wp-json\/wp\/v2\/media?parent=35011"}],"wp:term":[{"taxonomy":"category","embeddable":true,"href":"https:\/\/ssv-wesel.com\/index.php\/wp-json\/wp\/v2\/categories?post=35011"},{"taxonomy":"post_tag","embeddable":true,"href":"https:\/\/ssv-wesel.com\/index.php\/wp-json\/wp\/v2\/tags?post=35011"}],"curies":[{"name":"wp","href":"https:\/\/api.w.org\/{rel}","templated":true}]}}