{"id":35058,"date":"2024-05-31T08:08:00","date_gmt":"2024-05-31T06:08:00","guid":{"rendered":"https:\/\/ssv-wesel.com\/?p=35058"},"modified":"2024-05-31T11:35:00","modified_gmt":"2024-05-31T09:35:00","slug":"sportpreis-uebergabe","status":"publish","type":"post","link":"https:\/\/ssv-wesel.com\/index.php\/2024\/05\/31\/sportpreis-uebergabe\/","title":{"rendered":"Sportpreis \u00dcbergabe"},"content":{"rendered":"<div class=\"wpb-content-wrapper\"><p>[vc_row][vc_column][vc_empty_space][\/vc_column][\/vc_row][vc_row][vc_column][vc_column_text css=&#8220;&#8220;]Heute haben wir vom Stadtsportverband Wesel e.V. Wieder einige Sportpreise f\u00fcr den &#8222;Sportpreis des Monats&#8220; im Waldstadion vom Gr\u00fcn-Wei\u00df-Fl\u00fcren \u00fcberreicht.<\/p>\n<p>Hier in chronologischer Reihenfolge die geehrten:<\/p>\n<p>Monat Januar:<br \/>\nDie \u00dc32-Mannschaft von Gr\u00fcn-Wei\u00df-Fl\u00fcren die als einzige Weseler Mannschaft das Kreispokalfinale erreicht hat.<\/p>\n<p>Monat Februar:<br \/>\nViivi Kammerknecht vom WTV f\u00fcr den Gewinn der Goldmedaille bei den Regionsmeisterschaften im Weitsprung (5,28) und im Dreisprung (10,50).<\/p>\n<p>Monat M\u00e4rz:<br \/>\nMarcus Christ von den Lauffreunden HARDI Wesel f\u00fcr seinen Hamburg Mammutlauf \u00fcber 100km in 18:51:13 Stunden.<\/p>\n<p>Monat April:<br \/>\nEmma Buschheuer vom RVO St.Hubertus f\u00fcr den Medaillengewinn und der hervorragenden Leistung im bei den Deutschen- Meisterschaften im Vierkampf mit dem Team Rheinland.<\/p>\n<p>Allen geehrten nochmals unseren Gl\u00fcckwunsch und noch viele weitere sportliche Erfolge.<\/p>\n<p>Ein gro\u00dfer Dank auch unseren Sponsoren und dem Jury-Team, ohne Euch w\u00e4re so eine Sportpreis\u00fcbergabe \u00fcberhaupt nicht m\u00f6glich<\/p>\n<p>Danke:<br \/>\nTeamsport Niederrhein, Volksbank-Rhein-Lippe, Stadtwerke Wesel, EDEKA-Lurvink Wesel[\/vc_column_text][\/vc_column][\/vc_row][vc_row full_width=&#8220;stretch_row_content_no_spaces&#8220;][vc_column][vc_media_grid css=&#8220;&#8220; grid_id=&#8220;vc_gid:1717148070249-620c29af-2fec-5&#8243; include=&#8220;35064,35065,35067&#8243;][\/vc_column][\/vc_row][vc_row full_width=&#8220;stretch_row_content_no_spaces&#8220;][vc_column][vc_single_image image=&#8220;35062&#8243; img_size=&#8220;full&#8220; alignment=&#8220;center&#8220; css=&#8220;&#8220;][\/vc_column][\/vc_row][vc_row][vc_column][vc_column_text css=&#8220;&#8220;]Fotos: Olaf Buschheuer[\/vc_column_text][\/vc_column][\/vc_row]<\/p>\n<\/div>","protected":false},"excerpt":{"rendered":"<p>[vc_row][vc_column][vc_empty_space][\/vc_column][\/vc_row][vc_row][vc_column][vc_column_text css=&#8220;&#8220;]Heute haben wir vom Stadtsportverband Wesel e.V. Wieder einige Sportpreise f\u00fcr den &#8222;Sportpreis des Monats&#8220; im Waldstadion vom Gr\u00fcn-Wei\u00df-Fl\u00fcren \u00fcberreicht. Hier in chronologischer Reihenfolge die geehrten: Monat Januar: Die \u00dc32-Mannschaft von Gr\u00fcn-Wei\u00df-Fl\u00fcren die als einzige Weseler Mannschaft das Kreispokalfinale erreicht hat. Monat Februar: Viivi Kammerknecht vom WTV f\u00fcr den Gewinn der Goldmedaille bei den [&hellip;]<\/p>\n","protected":false},"author":1,"featured_media":35062,"comment_status":"closed","ping_status":"closed","sticky":false,"template":"","format":"standard","meta":{"site-sidebar-layout":"default","site-content-layout":"","ast-site-content-layout":"default","site-content-style":"default","site-sidebar-style":"default","ast-global-header-display":"","ast-banner-title-visibility":"","ast-main-header-display":"","ast-hfb-above-header-display":"","ast-hfb-below-header-display":"","ast-hfb-mobile-header-display":"","site-post-title":"","ast-breadcrumbs-content":"","ast-featured-img":"","footer-sml-layout":"","ast-disable-related-posts":"","theme-transparent-header-meta":"default","adv-header-id-meta":"","stick-header-meta":"","header-above-stick-meta":"","header-main-stick-meta":"","header-below-stick-meta":"","astra-migrate-meta-layouts":"set","ast-page-background-enabled":"default","ast-page-background-meta":{"desktop":{"background-color":"var(--ast-global-color-4)","background-image":"","background-repeat":"repeat","background-position":"center center","background-size":"auto","background-attachment":"scroll","background-type":"","background-media":"","overlay-type":"","overlay-color":"","overlay-opacity":"","overlay-gradient":""},"tablet":{"background-color":"","background-image":"","background-repeat":"repeat","background-position":"center center","background-size":"auto","background-attachment":"scroll","background-type":"","background-media":"","overlay-type":"","overlay-color":"","overlay-opacity":"","overlay-gradient":""},"mobile":{"background-color":"","background-image":"","background-repeat":"repeat","background-position":"center center","background-size":"auto","background-attachment":"scroll","background-type":"","background-media":"","overlay-type":"","overlay-color":"","overlay-opacity":"","overlay-gradient":""}},"ast-content-background-meta":{"desktop":{"background-color":"var(--ast-global-color-5)","background-image":"","background-repeat":"repeat","background-position":"center center","background-size":"auto","background-attachment":"scroll","background-type":"","background-media":"","overlay-type":"","overlay-color":"","overlay-opacity":"","overlay-gradient":""},"tablet":{"background-color":"var(--ast-global-color-5)","background-image":"","background-repeat":"repeat","background-position":"center center","background-size":"auto","background-attachment":"scroll","background-type":"","background-media":"","overlay-type":"","overlay-color":"","overlay-opacity":"","overlay-gradient":""},"mobile":{"background-color":"var(--ast-global-color-5)","background-image":"","background-repeat":"repeat","background-position":"center center","background-size":"auto","background-attachment":"scroll","background-type":"","background-media":"","overlay-type":"","overlay-color":"","overlay-opacity":"","overlay-gradient":""}},"_jetpack_memberships_contains_paid_content":false,"footnotes":""},"categories":[18,235],"tags":[352],"class_list":["post-35058","post","type-post","status-publish","format-standard","has-post-thumbnail","hentry","category-news","category-spdm","tag-sportpreis"],"yoast_head":"<!-- This site is optimized with the Yoast SEO plugin v27.5 - https:\/\/yoast.com\/product\/yoast-seo-wordpress\/ -->\n<title>Sportpreis \u00dcbergabe - Stadtsportverband<\/title>\n<meta name=\"description\" content=\"Heute haben wir vom Stadtsportverband Wesel e.V. Wieder einige Sportpreise f\u00fcr den &quot;Sportpreis des Monats&quot; Januar, Februar, M\u00e4rz und April im Waldstadion vom Gr\u00fcn-Wei\u00df-Fl\u00fcren \u00fcberreicht.\" \/>\n<meta name=\"robots\" content=\"index, follow, max-snippet:-1, max-image-preview:large, max-video-preview:-1\" \/>\n<link rel=\"canonical\" href=\"https:\/\/ssv-wesel.com\/index.php\/2024\/05\/31\/sportpreis-uebergabe\/\" \/>\n<meta property=\"og:locale\" content=\"de_DE\" \/>\n<meta property=\"og:type\" content=\"article\" \/>\n<meta property=\"og:title\" content=\"Sportpreis \u00dcbergabe - Stadtsportverband\" \/>\n<meta property=\"og:description\" content=\"Heute haben wir vom Stadtsportverband Wesel e.V. Wieder einige Sportpreise f\u00fcr den &quot;Sportpreis des Monats&quot; Januar, Februar, M\u00e4rz und April im Waldstadion vom Gr\u00fcn-Wei\u00df-Fl\u00fcren \u00fcberreicht.\" \/>\n<meta property=\"og:url\" content=\"https:\/\/ssv-wesel.com\/index.php\/2024\/05\/31\/sportpreis-uebergabe\/\" \/>\n<meta property=\"og:site_name\" content=\"Stadtsportverband\" \/>\n<meta property=\"article:publisher\" content=\"https:\/\/www.facebook.com\/profile.php?id=100071110337033\" \/>\n<meta property=\"article:published_time\" content=\"2024-05-31T06:08:00+00:00\" \/>\n<meta property=\"article:modified_time\" content=\"2024-05-31T09:35:00+00:00\" \/>\n<meta property=\"og:image\" content=\"https:\/\/ssv-wesel.com\/wp-content\/uploads\/2024\/05\/K1024_a7264fe1-dff8-4833-8ccf-feb06d6b4f15.jpg\" \/>\n\t<meta property=\"og:image:width\" content=\"1024\" \/>\n\t<meta property=\"og:image:height\" content=\"768\" \/>\n\t<meta property=\"og:image:type\" content=\"image\/jpeg\" \/>\n<meta name=\"author\" content=\"admin\" \/>\n<meta name=\"twitter:card\" content=\"summary_large_image\" \/>\n<meta name=\"twitter:label1\" content=\"Verfasst von\" \/>\n\t<meta name=\"twitter:data1\" content=\"admin\" \/>\n\t<meta name=\"twitter:label2\" content=\"Gesch\u00e4tzte Lesezeit\" \/>\n\t<meta name=\"twitter:data2\" content=\"2\u00a0Minuten\" \/>\n<script type=\"application\/ld+json\" class=\"yoast-schema-graph\">{\"@context\":\"https:\\\/\\\/schema.org\",\"@graph\":[{\"@type\":\"Article\",\"@id\":\"https:\\\/\\\/ssv-wesel.com\\\/index.php\\\/2024\\\/05\\\/31\\\/sportpreis-uebergabe\\\/#article\",\"isPartOf\":{\"@id\":\"https:\\\/\\\/ssv-wesel.com\\\/index.php\\\/2024\\\/05\\\/31\\\/sportpreis-uebergabe\\\/\"},\"author\":{\"name\":\"admin\",\"@id\":\"https:\\\/\\\/ssv-wesel.com\\\/#\\\/schema\\\/person\\\/f2e5858a810a10be47b339cf7abf13a7\"},\"headline\":\"Sportpreis \u00dcbergabe\",\"datePublished\":\"2024-05-31T06:08:00+00:00\",\"dateModified\":\"2024-05-31T09:35:00+00:00\",\"mainEntityOfPage\":{\"@id\":\"https:\\\/\\\/ssv-wesel.com\\\/index.php\\\/2024\\\/05\\\/31\\\/sportpreis-uebergabe\\\/\"},\"wordCount\":256,\"publisher\":{\"@id\":\"https:\\\/\\\/ssv-wesel.com\\\/#organization\"},\"image\":{\"@id\":\"https:\\\/\\\/ssv-wesel.com\\\/index.php\\\/2024\\\/05\\\/31\\\/sportpreis-uebergabe\\\/#primaryimage\"},\"thumbnailUrl\":\"https:\\\/\\\/i0.wp.com\\\/ssv-wesel.com\\\/wp-content\\\/uploads\\\/2024\\\/05\\\/K1024_a7264fe1-dff8-4833-8ccf-feb06d6b4f15.jpg?fit=1024%2C768&ssl=1\",\"keywords\":[\"Sportpreis\"],\"articleSection\":[\"News\",\"Sportpreis des Monats\"],\"inLanguage\":\"de\"},{\"@type\":\"WebPage\",\"@id\":\"https:\\\/\\\/ssv-wesel.com\\\/index.php\\\/2024\\\/05\\\/31\\\/sportpreis-uebergabe\\\/\",\"url\":\"https:\\\/\\\/ssv-wesel.com\\\/index.php\\\/2024\\\/05\\\/31\\\/sportpreis-uebergabe\\\/\",\"name\":\"Sportpreis \u00dcbergabe - Stadtsportverband\",\"isPartOf\":{\"@id\":\"https:\\\/\\\/ssv-wesel.com\\\/#website\"},\"primaryImageOfPage\":{\"@id\":\"https:\\\/\\\/ssv-wesel.com\\\/index.php\\\/2024\\\/05\\\/31\\\/sportpreis-uebergabe\\\/#primaryimage\"},\"image\":{\"@id\":\"https:\\\/\\\/ssv-wesel.com\\\/index.php\\\/2024\\\/05\\\/31\\\/sportpreis-uebergabe\\\/#primaryimage\"},\"thumbnailUrl\":\"https:\\\/\\\/i0.wp.com\\\/ssv-wesel.com\\\/wp-content\\\/uploads\\\/2024\\\/05\\\/K1024_a7264fe1-dff8-4833-8ccf-feb06d6b4f15.jpg?fit=1024%2C768&ssl=1\",\"datePublished\":\"2024-05-31T06:08:00+00:00\",\"dateModified\":\"2024-05-31T09:35:00+00:00\",\"description\":\"Heute haben wir vom Stadtsportverband Wesel e.V. Wieder einige Sportpreise f\u00fcr den \\\"Sportpreis des Monats\\\" Januar, Februar, M\u00e4rz und April im Waldstadion vom Gr\u00fcn-Wei\u00df-Fl\u00fcren \u00fcberreicht.\",\"breadcrumb\":{\"@id\":\"https:\\\/\\\/ssv-wesel.com\\\/index.php\\\/2024\\\/05\\\/31\\\/sportpreis-uebergabe\\\/#breadcrumb\"},\"inLanguage\":\"de\",\"potentialAction\":[{\"@type\":\"ReadAction\",\"target\":[\"https:\\\/\\\/ssv-wesel.com\\\/index.php\\\/2024\\\/05\\\/31\\\/sportpreis-uebergabe\\\/\"]}]},{\"@type\":\"ImageObject\",\"inLanguage\":\"de\",\"@id\":\"https:\\\/\\\/ssv-wesel.com\\\/index.php\\\/2024\\\/05\\\/31\\\/sportpreis-uebergabe\\\/#primaryimage\",\"url\":\"https:\\\/\\\/i0.wp.com\\\/ssv-wesel.com\\\/wp-content\\\/uploads\\\/2024\\\/05\\\/K1024_a7264fe1-dff8-4833-8ccf-feb06d6b4f15.jpg?fit=1024%2C768&ssl=1\",\"contentUrl\":\"https:\\\/\\\/i0.wp.com\\\/ssv-wesel.com\\\/wp-content\\\/uploads\\\/2024\\\/05\\\/K1024_a7264fe1-dff8-4833-8ccf-feb06d6b4f15.jpg?fit=1024%2C768&ssl=1\",\"width\":1024,\"height\":768,\"caption\":\"\u00a9 Stadtsportverband-Wesel e.V.\"},{\"@type\":\"BreadcrumbList\",\"@id\":\"https:\\\/\\\/ssv-wesel.com\\\/index.php\\\/2024\\\/05\\\/31\\\/sportpreis-uebergabe\\\/#breadcrumb\",\"itemListElement\":[{\"@type\":\"ListItem\",\"position\":1,\"name\":\"Startseite\",\"item\":\"https:\\\/\\\/ssv-wesel.com\\\/\"},{\"@type\":\"ListItem\",\"position\":2,\"name\":\"Sportpreis \u00dcbergabe\"}]},{\"@type\":\"WebSite\",\"@id\":\"https:\\\/\\\/ssv-wesel.com\\\/#website\",\"url\":\"https:\\\/\\\/ssv-wesel.com\\\/\",\"name\":\"Stadtsportverband\",\"description\":\"Wesel e. V.\",\"publisher\":{\"@id\":\"https:\\\/\\\/ssv-wesel.com\\\/#organization\"},\"potentialAction\":[{\"@type\":\"SearchAction\",\"target\":{\"@type\":\"EntryPoint\",\"urlTemplate\":\"https:\\\/\\\/ssv-wesel.com\\\/?s={search_term_string}\"},\"query-input\":{\"@type\":\"PropertyValueSpecification\",\"valueRequired\":true,\"valueName\":\"search_term_string\"}}],\"inLanguage\":\"de\"},{\"@type\":\"Organization\",\"@id\":\"https:\\\/\\\/ssv-wesel.com\\\/#organization\",\"name\":\"Stadtsportverband\",\"url\":\"https:\\\/\\\/ssv-wesel.com\\\/\",\"logo\":{\"@type\":\"ImageObject\",\"inLanguage\":\"de\",\"@id\":\"https:\\\/\\\/ssv-wesel.com\\\/#\\\/schema\\\/logo\\\/image\\\/\",\"url\":\"https:\\\/\\\/i0.wp.com\\\/ssv-wesel.com\\\/wp-content\\\/uploads\\\/2019\\\/11\\\/SSVLogo2020.webp?fit=520%2C179&ssl=1\",\"contentUrl\":\"https:\\\/\\\/i0.wp.com\\\/ssv-wesel.com\\\/wp-content\\\/uploads\\\/2019\\\/11\\\/SSVLogo2020.webp?fit=520%2C179&ssl=1\",\"width\":520,\"height\":179,\"caption\":\"Stadtsportverband\"},\"image\":{\"@id\":\"https:\\\/\\\/ssv-wesel.com\\\/#\\\/schema\\\/logo\\\/image\\\/\"},\"sameAs\":[\"https:\\\/\\\/www.facebook.com\\\/profile.php?id=100071110337033\"]},{\"@type\":\"Person\",\"@id\":\"https:\\\/\\\/ssv-wesel.com\\\/#\\\/schema\\\/person\\\/f2e5858a810a10be47b339cf7abf13a7\",\"name\":\"admin\",\"image\":{\"@type\":\"ImageObject\",\"inLanguage\":\"de\",\"@id\":\"https:\\\/\\\/secure.gravatar.com\\\/avatar\\\/3b8428ec1d30ff395d6ceab9a8867be4b9267c520096b8d4280587f2c01246d4?s=96&d=mm&r=g\",\"url\":\"https:\\\/\\\/secure.gravatar.com\\\/avatar\\\/3b8428ec1d30ff395d6ceab9a8867be4b9267c520096b8d4280587f2c01246d4?s=96&d=mm&r=g\",\"contentUrl\":\"https:\\\/\\\/secure.gravatar.com\\\/avatar\\\/3b8428ec1d30ff395d6ceab9a8867be4b9267c520096b8d4280587f2c01246d4?s=96&d=mm&r=g\",\"caption\":\"admin\"},\"sameAs\":[\"http:\\\/\\\/www.pk-medien.info\"],\"url\":\"https:\\\/\\\/ssv-wesel.com\\\/index.php\\\/author\\\/ich_p9ji776d\\\/\"}]}<\/script>\n<!-- \/ Yoast SEO plugin. -->","yoast_head_json":{"title":"Sportpreis \u00dcbergabe - Stadtsportverband","description":"Heute haben wir vom Stadtsportverband Wesel e.V. Wieder einige Sportpreise f\u00fcr den \"Sportpreis des Monats\" Januar, Februar, M\u00e4rz und April im Waldstadion vom Gr\u00fcn-Wei\u00df-Fl\u00fcren \u00fcberreicht.","robots":{"index":"index","follow":"follow","max-snippet":"max-snippet:-1","max-image-preview":"max-image-preview:large","max-video-preview":"max-video-preview:-1"},"canonical":"https:\/\/ssv-wesel.com\/index.php\/2024\/05\/31\/sportpreis-uebergabe\/","og_locale":"de_DE","og_type":"article","og_title":"Sportpreis \u00dcbergabe - Stadtsportverband","og_description":"Heute haben wir vom Stadtsportverband Wesel e.V. Wieder einige Sportpreise f\u00fcr den \"Sportpreis des Monats\" Januar, Februar, M\u00e4rz und April im Waldstadion vom Gr\u00fcn-Wei\u00df-Fl\u00fcren \u00fcberreicht.","og_url":"https:\/\/ssv-wesel.com\/index.php\/2024\/05\/31\/sportpreis-uebergabe\/","og_site_name":"Stadtsportverband","article_publisher":"https:\/\/www.facebook.com\/profile.php?id=100071110337033","article_published_time":"2024-05-31T06:08:00+00:00","article_modified_time":"2024-05-31T09:35:00+00:00","og_image":[{"width":1024,"height":768,"url":"https:\/\/ssv-wesel.com\/wp-content\/uploads\/2024\/05\/K1024_a7264fe1-dff8-4833-8ccf-feb06d6b4f15.jpg","type":"image\/jpeg"}],"author":"admin","twitter_card":"summary_large_image","twitter_misc":{"Verfasst von":"admin","Gesch\u00e4tzte Lesezeit":"2\u00a0Minuten"},"schema":{"@context":"https:\/\/schema.org","@graph":[{"@type":"Article","@id":"https:\/\/ssv-wesel.com\/index.php\/2024\/05\/31\/sportpreis-uebergabe\/#article","isPartOf":{"@id":"https:\/\/ssv-wesel.com\/index.php\/2024\/05\/31\/sportpreis-uebergabe\/"},"author":{"name":"admin","@id":"https:\/\/ssv-wesel.com\/#\/schema\/person\/f2e5858a810a10be47b339cf7abf13a7"},"headline":"Sportpreis \u00dcbergabe","datePublished":"2024-05-31T06:08:00+00:00","dateModified":"2024-05-31T09:35:00+00:00","mainEntityOfPage":{"@id":"https:\/\/ssv-wesel.com\/index.php\/2024\/05\/31\/sportpreis-uebergabe\/"},"wordCount":256,"publisher":{"@id":"https:\/\/ssv-wesel.com\/#organization"},"image":{"@id":"https:\/\/ssv-wesel.com\/index.php\/2024\/05\/31\/sportpreis-uebergabe\/#primaryimage"},"thumbnailUrl":"https:\/\/i0.wp.com\/ssv-wesel.com\/wp-content\/uploads\/2024\/05\/K1024_a7264fe1-dff8-4833-8ccf-feb06d6b4f15.jpg?fit=1024%2C768&ssl=1","keywords":["Sportpreis"],"articleSection":["News","Sportpreis des Monats"],"inLanguage":"de"},{"@type":"WebPage","@id":"https:\/\/ssv-wesel.com\/index.php\/2024\/05\/31\/sportpreis-uebergabe\/","url":"https:\/\/ssv-wesel.com\/index.php\/2024\/05\/31\/sportpreis-uebergabe\/","name":"Sportpreis \u00dcbergabe - Stadtsportverband","isPartOf":{"@id":"https:\/\/ssv-wesel.com\/#website"},"primaryImageOfPage":{"@id":"https:\/\/ssv-wesel.com\/index.php\/2024\/05\/31\/sportpreis-uebergabe\/#primaryimage"},"image":{"@id":"https:\/\/ssv-wesel.com\/index.php\/2024\/05\/31\/sportpreis-uebergabe\/#primaryimage"},"thumbnailUrl":"https:\/\/i0.wp.com\/ssv-wesel.com\/wp-content\/uploads\/2024\/05\/K1024_a7264fe1-dff8-4833-8ccf-feb06d6b4f15.jpg?fit=1024%2C768&ssl=1","datePublished":"2024-05-31T06:08:00+00:00","dateModified":"2024-05-31T09:35:00+00:00","description":"Heute haben wir vom Stadtsportverband Wesel e.V. Wieder einige Sportpreise f\u00fcr den \"Sportpreis des Monats\" Januar, Februar, M\u00e4rz und April im Waldstadion vom Gr\u00fcn-Wei\u00df-Fl\u00fcren \u00fcberreicht.","breadcrumb":{"@id":"https:\/\/ssv-wesel.com\/index.php\/2024\/05\/31\/sportpreis-uebergabe\/#breadcrumb"},"inLanguage":"de","potentialAction":[{"@type":"ReadAction","target":["https:\/\/ssv-wesel.com\/index.php\/2024\/05\/31\/sportpreis-uebergabe\/"]}]},{"@type":"ImageObject","inLanguage":"de","@id":"https:\/\/ssv-wesel.com\/index.php\/2024\/05\/31\/sportpreis-uebergabe\/#primaryimage","url":"https:\/\/i0.wp.com\/ssv-wesel.com\/wp-content\/uploads\/2024\/05\/K1024_a7264fe1-dff8-4833-8ccf-feb06d6b4f15.jpg?fit=1024%2C768&ssl=1","contentUrl":"https:\/\/i0.wp.com\/ssv-wesel.com\/wp-content\/uploads\/2024\/05\/K1024_a7264fe1-dff8-4833-8ccf-feb06d6b4f15.jpg?fit=1024%2C768&ssl=1","width":1024,"height":768,"caption":"\u00a9 Stadtsportverband-Wesel e.V."},{"@type":"BreadcrumbList","@id":"https:\/\/ssv-wesel.com\/index.php\/2024\/05\/31\/sportpreis-uebergabe\/#breadcrumb","itemListElement":[{"@type":"ListItem","position":1,"name":"Startseite","item":"https:\/\/ssv-wesel.com\/"},{"@type":"ListItem","position":2,"name":"Sportpreis \u00dcbergabe"}]},{"@type":"WebSite","@id":"https:\/\/ssv-wesel.com\/#website","url":"https:\/\/ssv-wesel.com\/","name":"Stadtsportverband","description":"Wesel e. V.","publisher":{"@id":"https:\/\/ssv-wesel.com\/#organization"},"potentialAction":[{"@type":"SearchAction","target":{"@type":"EntryPoint","urlTemplate":"https:\/\/ssv-wesel.com\/?s={search_term_string}"},"query-input":{"@type":"PropertyValueSpecification","valueRequired":true,"valueName":"search_term_string"}}],"inLanguage":"de"},{"@type":"Organization","@id":"https:\/\/ssv-wesel.com\/#organization","name":"Stadtsportverband","url":"https:\/\/ssv-wesel.com\/","logo":{"@type":"ImageObject","inLanguage":"de","@id":"https:\/\/ssv-wesel.com\/#\/schema\/logo\/image\/","url":"https:\/\/i0.wp.com\/ssv-wesel.com\/wp-content\/uploads\/2019\/11\/SSVLogo2020.webp?fit=520%2C179&ssl=1","contentUrl":"https:\/\/i0.wp.com\/ssv-wesel.com\/wp-content\/uploads\/2019\/11\/SSVLogo2020.webp?fit=520%2C179&ssl=1","width":520,"height":179,"caption":"Stadtsportverband"},"image":{"@id":"https:\/\/ssv-wesel.com\/#\/schema\/logo\/image\/"},"sameAs":["https:\/\/www.facebook.com\/profile.php?id=100071110337033"]},{"@type":"Person","@id":"https:\/\/ssv-wesel.com\/#\/schema\/person\/f2e5858a810a10be47b339cf7abf13a7","name":"admin","image":{"@type":"ImageObject","inLanguage":"de","@id":"https:\/\/secure.gravatar.com\/avatar\/3b8428ec1d30ff395d6ceab9a8867be4b9267c520096b8d4280587f2c01246d4?s=96&d=mm&r=g","url":"https:\/\/secure.gravatar.com\/avatar\/3b8428ec1d30ff395d6ceab9a8867be4b9267c520096b8d4280587f2c01246d4?s=96&d=mm&r=g","contentUrl":"https:\/\/secure.gravatar.com\/avatar\/3b8428ec1d30ff395d6ceab9a8867be4b9267c520096b8d4280587f2c01246d4?s=96&d=mm&r=g","caption":"admin"},"sameAs":["http:\/\/www.pk-medien.info"],"url":"https:\/\/ssv-wesel.com\/index.php\/author\/ich_p9ji776d\/"}]}},"jetpack_featured_media_url":"https:\/\/i0.wp.com\/ssv-wesel.com\/wp-content\/uploads\/2024\/05\/K1024_a7264fe1-dff8-4833-8ccf-feb06d6b4f15.jpg?fit=1024%2C768&ssl=1","jetpack_sharing_enabled":true,"_links":{"self":[{"href":"https:\/\/ssv-wesel.com\/index.php\/wp-json\/wp\/v2\/posts\/35058","targetHints":{"allow":["GET"]}}],"collection":[{"href":"https:\/\/ssv-wesel.com\/index.php\/wp-json\/wp\/v2\/posts"}],"about":[{"href":"https:\/\/ssv-wesel.com\/index.php\/wp-json\/wp\/v2\/types\/post"}],"author":[{"embeddable":true,"href":"https:\/\/ssv-wesel.com\/index.php\/wp-json\/wp\/v2\/users\/1"}],"replies":[{"embeddable":true,"href":"https:\/\/ssv-wesel.com\/index.php\/wp-json\/wp\/v2\/comments?post=35058"}],"version-history":[{"count":9,"href":"https:\/\/ssv-wesel.com\/index.php\/wp-json\/wp\/v2\/posts\/35058\/revisions"}],"predecessor-version":[{"id":35093,"href":"https:\/\/ssv-wesel.com\/index.php\/wp-json\/wp\/v2\/posts\/35058\/revisions\/35093"}],"wp:featuredmedia":[{"embeddable":true,"href":"https:\/\/ssv-wesel.com\/index.php\/wp-json\/wp\/v2\/media\/35062"}],"wp:attachment":[{"href":"https:\/\/ssv-wesel.com\/index.php\/wp-json\/wp\/v2\/media?parent=35058"}],"wp:term":[{"taxonomy":"category","embeddable":true,"href":"https:\/\/ssv-wesel.com\/index.php\/wp-json\/wp\/v2\/categories?post=35058"},{"taxonomy":"post_tag","embeddable":true,"href":"https:\/\/ssv-wesel.com\/index.php\/wp-json\/wp\/v2\/tags?post=35058"}],"curies":[{"name":"wp","href":"https:\/\/api.w.org\/{rel}","templated":true}]}}